{"id":1247,"date":"2025-12-21T20:48:27","date_gmt":"2025-12-21T20:48:27","guid":{"rendered":"https:\/\/www.blubic.com\/la-urgencia-de-la-mobilitat-sostenible\/"},"modified":"2025-12-23T17:29:58","modified_gmt":"2025-12-23T17:29:58","slug":"la-urgencia-de-la-mobilitat-sostenible","status":"publish","type":"post","link":"https:\/\/www.blubic.com\/ca\/la-urgencia-de-la-mobilitat-sostenible\/","title":{"rendered":"La urg\u00e8ncia de la Mobilitat Sostenible"},"content":{"rendered":"\n<p class=\"wp-block-paragraph\">Vivim temps convulsos que estan afectant els nostres h\u00e0bits, tamb\u00e9 a l&#8217;\u00e0mbit de la mobilitat. Avui m\u00e9s que mai prenem consci\u00e8ncia de la urg\u00e8ncia d&#8217;un model de mobilitat m\u00e9s sostenible i saludable <\/p>\n\n\n\n<p class=\"wp-block-paragraph\">La tend\u00e8ncia pel que fa a la necessitat de modes de transport sostenibles no \u00e9s nova. A poc a poc veiem a les nostres ciutats m\u00e9s bicicletes, cotxes el\u00e8ctrics, patinets i flotes de vehicles compartits, \u2026 <\/p>\n\n\n\n<p class=\"wp-block-paragraph\">La pand\u00e8mia i ara la crisi energ\u00e8tica derivada de la guerra a Ucra\u00efna poden resultar acceleradors d&#8217;aquest canvi de paradigma. Els fons europeus, sens dubte, seran l&#8217;eina catalitzadora per implementar-ho. <\/p>\n\n\n\n<p class=\"wp-block-paragraph\">Tot i aix\u00ed, com a societat, hem d&#8217;entendre les importants raons subjacents importants que expliquen <strong>la urg\u00e8ncia<\/strong> d&#8217;un <strong>pla de despla\u00e7ament<\/strong>.<\/p>\n\n\n\n<h2 class=\"wp-block-heading\">Mobilitat sostenible i canvi clim\u00e0tic<\/h2>\n\n\n\n<p class=\"wp-block-paragraph\">La humanitat s&#8217;enfronta en les properes d\u00e8cades als <a href=\"https:\/\/www.un.org\/es\/climatechange\/science\/key-findings#temperature-rise\" target=\"_blank\" rel=\"noreferrer noopener\">riscos derivats del canvi clim\u00e0tic<\/a> causat per l&#8217;activitat humana, un problema ambiental de car\u00e0cter global i potencialment de gravetat enorme. Estem a prop d&#8217;un punt de no retorn i \u00e9s imperatiu reduir les emissions de CO2 derivades del transport per complir els <a href=\"https:\/\/www.miteco.gob.es\/es\/cambio-climatico\/temas\/mitigacion-politicas-y-medidas\/objetivos.aspx#:~:text=2021%20%2D%202030&amp;text=Los%20principales%20objetivos%20de%20dicho,en%20el%20consumo%20de%20energ%C3%ADa.\" target=\"_blank\" rel=\"noreferrer noopener\">objectius de la UE<\/a>. <\/p>\n\n\n\n<p class=\"wp-block-paragraph\">Un informe de la <a href=\"https:\/\/ecf.com\/\" target=\"_blank\" rel=\"noreferrer noopener\">Federaci\u00f3 Europea de Ciclistes<\/a> estimava que, si els pa\u00efsos de la Uni\u00f3 Europea tinguessin una quota d&#8217;\u00fas de la <strong>bicicleta<\/strong> a tota la Uni\u00f3 fos semblant al que hi ha actualment a Dinamarca, s&#8217;aconseguiria una reducci\u00f3 d&#8217;emissions d&#8217;entre el 12% i el 26% de l&#8217;objectiu de la UE per al 2050<\/p>\n\n\n\n<h2 class=\"wp-block-heading\">Mobilitat sostenible i salut<\/h2>\n\n\n\n<p class=\"wp-block-paragraph\">La contaminaci\u00f3 de l&#8217;aire local \u00e9s la causant dels riscos m\u00e9s grans per a la salut d&#8217;origen ambiental. A escala mundial, s&#8217;estima que la contaminaci\u00f3 de l&#8217;aire \u00e9s responsable del 3,2% de la c\u00e0rrega mundial de morbiditat. S&#8217;estima que <a href=\"https:\/\/www.stateofglobalair.org\/health\/global\" target=\"_blank\" rel=\"noreferrer noopener\">ha contribu\u00eft a 6,67 milions de morts a tot el m\u00f3n el 2019<\/a>.  <\/p>\n\n\n\n<p class=\"wp-block-paragraph\">Motiu pel qual l&#8217;Organitzaci\u00f3 Mundial de la Salut <a href=\"https:\/\/www.who.int\/es\" target=\"_blank\" rel=\"noreferrer noopener\">(OMS)<\/a> ha actualitzat el setembre del 2021 les seves Directrius Mundials de Qualitat de l&#8217;Aire. Els <a href=\"https:\/\/www.isglobal.org\/es\/healthisglobal\/-\/custom-blog-portlet\/implementing-the-new-who-air-quality-guidelines-can-prevent-millions-of-premature-deaths-and-many-more-cases-of-disease\/4735173\/0\" target=\"_blank\" rel=\"noreferrer noopener\">nous valors<\/a> s\u00f3n molt inferiors a les directrius pr\u00e8vies. <\/p>\n\n\n\n<p class=\"wp-block-paragraph\">Substituir en els despla\u00e7aments el vehicle privat per la <strong>bicicleta<\/strong> o caminar \u00e9s una de les mesures m\u00e9s efectives que les nostres ciutats poden promoure per reduir la contaminaci\u00f3. A m\u00e9s dels avantatges derivats d&#8217;una activitat f\u00edsica cardiosaludable. La mobilitat no sols ha de ser sostenible sin\u00f3 tamb\u00e9 saludable.  <\/p>\n\n\n\n<h2 class=\"wp-block-heading\">Mobilitat sostenible i depend\u00e8ncia energ\u00e8tica<\/h2>\n\n\n\n<p class=\"wp-block-paragraph\">Avui m\u00e9s que mai ens adonem de les greus <a href=\"https:\/\/blog.primagas.es\/dependencia-energetica-consecuencias-y-retos\" target=\"_blank\" rel=\"noreferrer noopener\">conseq\u00fc\u00e8ncies de la depend\u00e8ncia energ\u00e8tica<\/a>. La depend\u00e8ncia energ\u00e8tica de l&#8217;exterior es va situar al <a href=\"https:\/\/www.ine.es\/prodyser\/espa_cifras\/2019\/40\/\" target=\"_blank\" rel=\"noreferrer noopener\">73,9% el 2020, segons l&#8217;INE<\/a>.<\/p>\n\n\n\n<p class=\"wp-block-paragraph\">El model de mobilitat actual continua depenent (95%) del petroli i del motor de combusti\u00f3, altament ineficient (s&#8217;aprofita menys del 20% del potencial energ\u00e8tic). Cada fam\u00edlia t\u00e9 de mitjana entre 1 i 2 cotxes i, habitualment ho fem servir amb un sol passatger <\/p>\n\n\n\n<p class=\"wp-block-paragraph\">Per reduir aquesta depend\u00e8ncia tenim dos camins clars. El primer \u00e9s la producci\u00f3 local de l&#8217;energia necess\u00e0ria, indispensablement de <a href=\"https:\/\/es.wikipedia.org\/wiki\/Energ%C3%ADa_renovable?trk=article-ssr-frontend-pulse_little-text-block\" target=\"_blank\" rel=\"noreferrer noopener\">fonts renovables<\/a>, juntament amb la transici\u00f3 tecnol\u00f2gica urgent del vehicle de combusti\u00f3. <\/p>\n\n\n\n<p class=\"wp-block-paragraph\">La segona \u00e9s <a href=\"https:\/\/www.idae.es\/tecnologias\/eficiencia-energetica\/transporte\" target=\"_blank\" rel=\"noreferrer noopener\">l&#8217;efici\u00e8ncia energ\u00e8tica<\/a>. Gastar menys. Aix\u00f2 implica menys cotxes, mobilitat compartida i maneres actives com caminar i anar amb <strong>bicicleta<\/strong> que no requereixen consum energ\u00e8tic (m\u00e9s enll\u00e0 del del nostre propi cos).  <\/p>\n\n\n\n<p class=\"wp-block-paragraph\">No s\u00f3n les \u00faniques, per\u00f2 aquestes tres circumst\u00e0ncies principals justifiquen tots els esfor\u00e7os que hem de realitzar, sense entrar en debats est\u00e8rils que ens allunyin de l&#8217;objectiu a curt termini. Sens dubte, necessitem procurar un m\u00f3n una mica millor per a les generacions futures. <\/p>\n\n\n\n<p class=\"wp-block-paragraph\">Pedalem i ens hi posem. \u00c9s urgent !!! <\/p>\n","protected":false},"excerpt":{"rendered":"<p>Vivim temps convulsos que estan afectant els nostres h\u00e0bits, tamb\u00e9 a l&#8217;\u00e0mbit de la mobilitat. Avui m\u00e9s que mai prenem consci\u00e8ncia de la urg\u00e8ncia d&#8217;un model de mobilitat m\u00e9s sostenible i saludable La tend\u00e8ncia pel que fa a la necessitat de modes de transport sostenibles no \u00e9s nova. A poc a poc veiem a les [&hellip;]<\/p>\n","protected":false},"author":1,"featured_media":1246,"comment_status":"closed","ping_status":"open","sticky":false,"template":"","format":"standard","meta":{"footnotes":""},"categories":[1],"tags":[],"class_list":["post-1247","post","type-post","status-publish","format-standard","has-post-thumbnail","hentry","category-sin-categoria"],"yoast_head":"<!-- This site is optimized with the Yoast SEO plugin v28.3 - https:\/\/yoast.com\/product\/yoast-seo-wordpress\/ -->\n<title>La urg\u00e8ncia de la Mobilitat Sostenible - Blubic<\/title>\n<meta name=\"robots\" content=\"index, follow, max-snippet:-1, max-image-preview:large, max-video-preview:-1\" \/>\n<link rel=\"canonical\" href=\"https:\/\/www.blubic.com\/la-urgencia-de-la-movilidad-sostenible\/\" \/>\n<meta property=\"og:locale\" content=\"ca_ES\" \/>\n<meta property=\"og:type\" content=\"article\" \/>\n<meta property=\"og:title\" content=\"La urg\u00e8ncia de la Mobilitat Sostenible - Blubic\" \/>\n<meta property=\"og:description\" content=\"Vivim temps convulsos que estan afectant els nostres h\u00e0bits, tamb\u00e9 a l&#8217;\u00e0mbit de la mobilitat. Avui m\u00e9s que mai prenem consci\u00e8ncia de la urg\u00e8ncia d&#8217;un model de mobilitat m\u00e9s sostenible i saludable La tend\u00e8ncia pel que fa a la necessitat de modes de transport sostenibles no \u00e9s nova. A poc a poc veiem a les [&hellip;]\" \/>\n<meta property=\"og:url\" content=\"https:\/\/www.blubic.com\/la-urgencia-de-la-movilidad-sostenible\/\" \/>\n<meta property=\"og:site_name\" content=\"Blubic\" \/>\n<meta property=\"article:published_time\" content=\"2025-12-21T20:48:27+00:00\" \/>\n<meta property=\"article:modified_time\" content=\"2025-12-23T17:29:58+00:00\" \/>\n<meta property=\"og:image\" content=\"https:\/\/www.blubic.com\/wp-content\/uploads\/2025\/12\/urgencia-mobilidad-sostenible-ftd.jpeg\" \/>\n\t<meta property=\"og:image:width\" content=\"800\" \/>\n\t<meta property=\"og:image:height\" content=\"450\" \/>\n\t<meta property=\"og:image:type\" content=\"image\/jpeg\" \/>\n<meta name=\"author\" content=\"Vilax\" \/>\n<meta name=\"twitter:card\" content=\"summary_large_image\" \/>\n<meta name=\"twitter:label1\" content=\"Escrit per\" \/>\n\t<meta name=\"twitter:data1\" content=\"Vilax\" \/>\n\t<meta name=\"twitter:label2\" content=\"Temps estimat de lectura\" \/>\n\t<meta name=\"twitter:data2\" content=\"3 minuts\" \/>\n<script type=\"application\/ld+json\" class=\"yoast-schema-graph\">{\"@context\":\"https:\\\/\\\/schema.org\",\"@graph\":[{\"@type\":\"Article\",\"@id\":\"https:\\\/\\\/www.blubic.com\\\/la-urgencia-de-la-movilidad-sostenible\\\/#article\",\"isPartOf\":{\"@id\":\"https:\\\/\\\/www.blubic.com\\\/la-urgencia-de-la-movilidad-sostenible\\\/\"},\"author\":{\"name\":\"Vilax\",\"@id\":\"https:\\\/\\\/www.blubic.com\\\/#\\\/schema\\\/person\\\/9db1b3a766ce659d0b04bf0b8dcc8202\"},\"headline\":\"La urg\u00e8ncia de la Mobilitat Sostenible\",\"datePublished\":\"2025-12-21T20:48:27+00:00\",\"dateModified\":\"2025-12-23T17:29:58+00:00\",\"mainEntityOfPage\":{\"@id\":\"https:\\\/\\\/www.blubic.com\\\/la-urgencia-de-la-movilidad-sostenible\\\/\"},\"wordCount\":634,\"publisher\":{\"@id\":\"https:\\\/\\\/www.blubic.com\\\/#organization\"},\"image\":{\"@id\":\"https:\\\/\\\/www.blubic.com\\\/la-urgencia-de-la-movilidad-sostenible\\\/#primaryimage\"},\"thumbnailUrl\":\"https:\\\/\\\/www.blubic.com\\\/wp-content\\\/uploads\\\/2025\\\/12\\\/urgencia-mobilidad-sostenible-ftd.jpeg\",\"articleSection\":[\"Sin categor\u00eda\"],\"inLanguage\":\"ca\"},{\"@type\":\"WebPage\",\"@id\":\"https:\\\/\\\/www.blubic.com\\\/la-urgencia-de-la-movilidad-sostenible\\\/\",\"url\":\"https:\\\/\\\/www.blubic.com\\\/la-urgencia-de-la-movilidad-sostenible\\\/\",\"name\":\"La urg\u00e8ncia de la Mobilitat Sostenible - Blubic\",\"isPartOf\":{\"@id\":\"https:\\\/\\\/www.blubic.com\\\/#website\"},\"primaryImageOfPage\":{\"@id\":\"https:\\\/\\\/www.blubic.com\\\/la-urgencia-de-la-movilidad-sostenible\\\/#primaryimage\"},\"image\":{\"@id\":\"https:\\\/\\\/www.blubic.com\\\/la-urgencia-de-la-movilidad-sostenible\\\/#primaryimage\"},\"thumbnailUrl\":\"https:\\\/\\\/www.blubic.com\\\/wp-content\\\/uploads\\\/2025\\\/12\\\/urgencia-mobilidad-sostenible-ftd.jpeg\",\"datePublished\":\"2025-12-21T20:48:27+00:00\",\"dateModified\":\"2025-12-23T17:29:58+00:00\",\"breadcrumb\":{\"@id\":\"https:\\\/\\\/www.blubic.com\\\/la-urgencia-de-la-movilidad-sostenible\\\/#breadcrumb\"},\"inLanguage\":\"ca\",\"potentialAction\":[{\"@type\":\"ReadAction\",\"target\":[\"https:\\\/\\\/www.blubic.com\\\/la-urgencia-de-la-movilidad-sostenible\\\/\"]}]},{\"@type\":\"ImageObject\",\"inLanguage\":\"ca\",\"@id\":\"https:\\\/\\\/www.blubic.com\\\/la-urgencia-de-la-movilidad-sostenible\\\/#primaryimage\",\"url\":\"https:\\\/\\\/www.blubic.com\\\/wp-content\\\/uploads\\\/2025\\\/12\\\/urgencia-mobilidad-sostenible-ftd.jpeg\",\"contentUrl\":\"https:\\\/\\\/www.blubic.com\\\/wp-content\\\/uploads\\\/2025\\\/12\\\/urgencia-mobilidad-sostenible-ftd.jpeg\",\"width\":800,\"height\":450,\"caption\":\"Eficiencia de la movilidad en bicicleta | blubic\"},{\"@type\":\"BreadcrumbList\",\"@id\":\"https:\\\/\\\/www.blubic.com\\\/la-urgencia-de-la-movilidad-sostenible\\\/#breadcrumb\",\"itemListElement\":[{\"@type\":\"ListItem\",\"position\":1,\"name\":\"Portada\",\"item\":\"https:\\\/\\\/www.blubic.com\\\/ca\\\/inici\\\/\"},{\"@type\":\"ListItem\",\"position\":2,\"name\":\"La urg\u00e8ncia de la Mobilitat Sostenible\"}]},{\"@type\":\"WebSite\",\"@id\":\"https:\\\/\\\/www.blubic.com\\\/#website\",\"url\":\"https:\\\/\\\/www.blubic.com\\\/\",\"name\":\"Blubic\",\"description\":\"\",\"publisher\":{\"@id\":\"https:\\\/\\\/www.blubic.com\\\/#organization\"},\"potentialAction\":[{\"@type\":\"SearchAction\",\"target\":{\"@type\":\"EntryPoint\",\"urlTemplate\":\"https:\\\/\\\/www.blubic.com\\\/?s={search_term_string}\"},\"query-input\":{\"@type\":\"PropertyValueSpecification\",\"valueRequired\":true,\"valueName\":\"search_term_string\"}}],\"inLanguage\":\"ca\"},{\"@type\":\"Organization\",\"@id\":\"https:\\\/\\\/www.blubic.com\\\/#organization\",\"name\":\"Blubic\",\"url\":\"https:\\\/\\\/www.blubic.com\\\/\",\"logo\":{\"@type\":\"ImageObject\",\"inLanguage\":\"ca\",\"@id\":\"https:\\\/\\\/www.blubic.com\\\/#\\\/schema\\\/logo\\\/image\\\/\",\"url\":\"https:\\\/\\\/www.blubic.com\\\/wp-content\\\/uploads\\\/2025\\\/11\\\/bublic_logo_horizontal_cpd.png\",\"contentUrl\":\"https:\\\/\\\/www.blubic.com\\\/wp-content\\\/uploads\\\/2025\\\/11\\\/bublic_logo_horizontal_cpd.png\",\"width\":1562,\"height\":388,\"caption\":\"Blubic\"},\"image\":{\"@id\":\"https:\\\/\\\/www.blubic.com\\\/#\\\/schema\\\/logo\\\/image\\\/\"}},{\"@type\":\"Person\",\"@id\":\"https:\\\/\\\/www.blubic.com\\\/#\\\/schema\\\/person\\\/9db1b3a766ce659d0b04bf0b8dcc8202\",\"name\":\"Vilax\",\"image\":{\"@type\":\"ImageObject\",\"inLanguage\":\"ca\",\"@id\":\"https:\\\/\\\/secure.gravatar.com\\\/avatar\\\/80627b6c1ac4fdc402af226519e261de7c3ec4834ab64a0947b2afb3503754ff?s=96&d=mm&r=g\",\"url\":\"https:\\\/\\\/secure.gravatar.com\\\/avatar\\\/80627b6c1ac4fdc402af226519e261de7c3ec4834ab64a0947b2afb3503754ff?s=96&d=mm&r=g\",\"contentUrl\":\"https:\\\/\\\/secure.gravatar.com\\\/avatar\\\/80627b6c1ac4fdc402af226519e261de7c3ec4834ab64a0947b2afb3503754ff?s=96&d=mm&r=g\",\"caption\":\"Vilax\"},\"sameAs\":[\"https:\\\/\\\/www.blubic.com\"],\"url\":\"https:\\\/\\\/www.blubic.com\\\/ca\\\/author\\\/vilax\\\/\"}]}<\/script>\n<!-- \/ Yoast SEO plugin. -->","yoast_head_json":{"title":"La urg\u00e8ncia de la Mobilitat Sostenible - Blubic","robots":{"index":"index","follow":"follow","max-snippet":"max-snippet:-1","max-image-preview":"max-image-preview:large","max-video-preview":"max-video-preview:-1"},"canonical":"https:\/\/www.blubic.com\/la-urgencia-de-la-movilidad-sostenible\/","og_locale":"ca_ES","og_type":"article","og_title":"La urg\u00e8ncia de la Mobilitat Sostenible - Blubic","og_description":"Vivim temps convulsos que estan afectant els nostres h\u00e0bits, tamb\u00e9 a l&#8217;\u00e0mbit de la mobilitat. Avui m\u00e9s que mai prenem consci\u00e8ncia de la urg\u00e8ncia d&#8217;un model de mobilitat m\u00e9s sostenible i saludable La tend\u00e8ncia pel que fa a la necessitat de modes de transport sostenibles no \u00e9s nova. A poc a poc veiem a les [&hellip;]","og_url":"https:\/\/www.blubic.com\/la-urgencia-de-la-movilidad-sostenible\/","og_site_name":"Blubic","article_published_time":"2025-12-21T20:48:27+00:00","article_modified_time":"2025-12-23T17:29:58+00:00","og_image":[{"width":800,"height":450,"url":"https:\/\/www.blubic.com\/wp-content\/uploads\/2025\/12\/urgencia-mobilidad-sostenible-ftd.jpeg","type":"image\/jpeg"}],"author":"Vilax","twitter_card":"summary_large_image","twitter_misc":{"Escrit per":"Vilax","Temps estimat de lectura":"3 minuts"},"schema":{"@context":"https:\/\/schema.org","@graph":[{"@type":"Article","@id":"https:\/\/www.blubic.com\/la-urgencia-de-la-movilidad-sostenible\/#article","isPartOf":{"@id":"https:\/\/www.blubic.com\/la-urgencia-de-la-movilidad-sostenible\/"},"author":{"name":"Vilax","@id":"https:\/\/www.blubic.com\/#\/schema\/person\/9db1b3a766ce659d0b04bf0b8dcc8202"},"headline":"La urg\u00e8ncia de la Mobilitat Sostenible","datePublished":"2025-12-21T20:48:27+00:00","dateModified":"2025-12-23T17:29:58+00:00","mainEntityOfPage":{"@id":"https:\/\/www.blubic.com\/la-urgencia-de-la-movilidad-sostenible\/"},"wordCount":634,"publisher":{"@id":"https:\/\/www.blubic.com\/#organization"},"image":{"@id":"https:\/\/www.blubic.com\/la-urgencia-de-la-movilidad-sostenible\/#primaryimage"},"thumbnailUrl":"https:\/\/www.blubic.com\/wp-content\/uploads\/2025\/12\/urgencia-mobilidad-sostenible-ftd.jpeg","articleSection":["Sin categor\u00eda"],"inLanguage":"ca"},{"@type":"WebPage","@id":"https:\/\/www.blubic.com\/la-urgencia-de-la-movilidad-sostenible\/","url":"https:\/\/www.blubic.com\/la-urgencia-de-la-movilidad-sostenible\/","name":"La urg\u00e8ncia de la Mobilitat Sostenible - Blubic","isPartOf":{"@id":"https:\/\/www.blubic.com\/#website"},"primaryImageOfPage":{"@id":"https:\/\/www.blubic.com\/la-urgencia-de-la-movilidad-sostenible\/#primaryimage"},"image":{"@id":"https:\/\/www.blubic.com\/la-urgencia-de-la-movilidad-sostenible\/#primaryimage"},"thumbnailUrl":"https:\/\/www.blubic.com\/wp-content\/uploads\/2025\/12\/urgencia-mobilidad-sostenible-ftd.jpeg","datePublished":"2025-12-21T20:48:27+00:00","dateModified":"2025-12-23T17:29:58+00:00","breadcrumb":{"@id":"https:\/\/www.blubic.com\/la-urgencia-de-la-movilidad-sostenible\/#breadcrumb"},"inLanguage":"ca","potentialAction":[{"@type":"ReadAction","target":["https:\/\/www.blubic.com\/la-urgencia-de-la-movilidad-sostenible\/"]}]},{"@type":"ImageObject","inLanguage":"ca","@id":"https:\/\/www.blubic.com\/la-urgencia-de-la-movilidad-sostenible\/#primaryimage","url":"https:\/\/www.blubic.com\/wp-content\/uploads\/2025\/12\/urgencia-mobilidad-sostenible-ftd.jpeg","contentUrl":"https:\/\/www.blubic.com\/wp-content\/uploads\/2025\/12\/urgencia-mobilidad-sostenible-ftd.jpeg","width":800,"height":450,"caption":"Eficiencia de la movilidad en bicicleta | blubic"},{"@type":"BreadcrumbList","@id":"https:\/\/www.blubic.com\/la-urgencia-de-la-movilidad-sostenible\/#breadcrumb","itemListElement":[{"@type":"ListItem","position":1,"name":"Portada","item":"https:\/\/www.blubic.com\/ca\/inici\/"},{"@type":"ListItem","position":2,"name":"La urg\u00e8ncia de la Mobilitat Sostenible"}]},{"@type":"WebSite","@id":"https:\/\/www.blubic.com\/#website","url":"https:\/\/www.blubic.com\/","name":"Blubic","description":"","publisher":{"@id":"https:\/\/www.blubic.com\/#organization"},"potentialAction":[{"@type":"SearchAction","target":{"@type":"EntryPoint","urlTemplate":"https:\/\/www.blubic.com\/?s={search_term_string}"},"query-input":{"@type":"PropertyValueSpecification","valueRequired":true,"valueName":"search_term_string"}}],"inLanguage":"ca"},{"@type":"Organization","@id":"https:\/\/www.blubic.com\/#organization","name":"Blubic","url":"https:\/\/www.blubic.com\/","logo":{"@type":"ImageObject","inLanguage":"ca","@id":"https:\/\/www.blubic.com\/#\/schema\/logo\/image\/","url":"https:\/\/www.blubic.com\/wp-content\/uploads\/2025\/11\/bublic_logo_horizontal_cpd.png","contentUrl":"https:\/\/www.blubic.com\/wp-content\/uploads\/2025\/11\/bublic_logo_horizontal_cpd.png","width":1562,"height":388,"caption":"Blubic"},"image":{"@id":"https:\/\/www.blubic.com\/#\/schema\/logo\/image\/"}},{"@type":"Person","@id":"https:\/\/www.blubic.com\/#\/schema\/person\/9db1b3a766ce659d0b04bf0b8dcc8202","name":"Vilax","image":{"@type":"ImageObject","inLanguage":"ca","@id":"https:\/\/secure.gravatar.com\/avatar\/80627b6c1ac4fdc402af226519e261de7c3ec4834ab64a0947b2afb3503754ff?s=96&d=mm&r=g","url":"https:\/\/secure.gravatar.com\/avatar\/80627b6c1ac4fdc402af226519e261de7c3ec4834ab64a0947b2afb3503754ff?s=96&d=mm&r=g","contentUrl":"https:\/\/secure.gravatar.com\/avatar\/80627b6c1ac4fdc402af226519e261de7c3ec4834ab64a0947b2afb3503754ff?s=96&d=mm&r=g","caption":"Vilax"},"sameAs":["https:\/\/www.blubic.com"],"url":"https:\/\/www.blubic.com\/ca\/author\/vilax\/"}]}},"_links":{"self":[{"href":"https:\/\/www.blubic.com\/ca\/wp-json\/wp\/v2\/posts\/1247","targetHints":{"allow":["GET"]}}],"collection":[{"href":"https:\/\/www.blubic.com\/ca\/wp-json\/wp\/v2\/posts"}],"about":[{"href":"https:\/\/www.blubic.com\/ca\/wp-json\/wp\/v2\/types\/post"}],"author":[{"embeddable":true,"href":"https:\/\/www.blubic.com\/ca\/wp-json\/wp\/v2\/users\/1"}],"replies":[{"embeddable":true,"href":"https:\/\/www.blubic.com\/ca\/wp-json\/wp\/v2\/comments?post=1247"}],"version-history":[{"count":0,"href":"https:\/\/www.blubic.com\/ca\/wp-json\/wp\/v2\/posts\/1247\/revisions"}],"wp:featuredmedia":[{"embeddable":true,"href":"https:\/\/www.blubic.com\/ca\/wp-json\/wp\/v2\/media\/1246"}],"wp:attachment":[{"href":"https:\/\/www.blubic.com\/ca\/wp-json\/wp\/v2\/media?parent=1247"}],"wp:term":[{"taxonomy":"category","embeddable":true,"href":"https:\/\/www.blubic.com\/ca\/wp-json\/wp\/v2\/categories?post=1247"},{"taxonomy":"post_tag","embeddable":true,"href":"https:\/\/www.blubic.com\/ca\/wp-json\/wp\/v2\/tags?post=1247"}],"curies":[{"name":"wp","href":"https:\/\/api.w.org\/{rel}","templated":true}]}}