{"id":1256,"date":"2025-12-18T21:36:45","date_gmt":"2025-12-18T21:36:45","guid":{"rendered":"https:\/\/www.blubic.com\/plans-de-desplacament-dempresa-una-oportunitat-estrategica\/"},"modified":"2025-12-23T18:04:16","modified_gmt":"2025-12-23T18:04:16","slug":"plans-de-desplacament-dempresa-una-oportunitat-estrategica","status":"publish","type":"post","link":"https:\/\/www.blubic.com\/ca\/plans-de-desplacament-dempresa-una-oportunitat-estrategica\/","title":{"rendered":"Plans de despla\u00e7ament d&#8217;empresa &#8211; Una oportunitat estrat\u00e8gica"},"content":{"rendered":"\n<h2 class=\"wp-block-heading\">1. El que estableix l&#8217;Art. 27 de la Llei de Mobilitat Sostenible<\/h2>\n\n<ul class=\"wp-block-list\">\n<li>Les <strong>empreses i les entitats del sector p\u00fablic<\/strong> que tinguin centres de treball amb <strong>m\u00e9s de 200 persones treballadores<\/strong>, o <strong>100 persones per torn<\/strong>, han de disposar d&#8217;un <strong>pla de despla\u00e7ament d&#8217;empresa<\/strong> en un termini de <strong>24 mesos<\/strong> des de l&#8217;entrada en vigor de la llei.<\/li>\n\n\n\n<li>Aquests plans s&#8217;han de negociar amb la <strong>representaci\u00f3 legal dels treballadors<\/strong> o, si no, amb una comissi\u00f3 de treballadors<\/li>\n\n\n\n<li>Les mesures que formen part d&#8217;aquests plans inclouen:<\/li>\n<\/ul>\n\n<ul class=\"wp-block-list\">\n<li>Impuls de la <strong>mobilitat activa<\/strong> (bicicleta, caminar)<\/li>\n\n\n\n<li>Transport col\u00b7lectiu.<\/li>\n\n\n\n<li>Mobilitat de zero emissions.<\/li>\n\n\n\n<li>Mobilitat compartida o col\u00b7laborativa.<\/li>\n\n\n\n<li>Teletreball, \u201cen els casos en qu\u00e8 sigui possible\u201d.<\/li>\n<\/ul>\n\n<ul class=\"wp-block-list\">\n<li>A m\u00e9s, els plans han de tenir en compte mesures de <strong>seguiment i informes cada dos anys<\/strong> sobre el nivell d&#8217;implementaci\u00f3 de les actuacions.<\/li>\n\n\n\n<li>Tamb\u00e9 es preveuen mesures addicionals per a centres molt grans (m\u00e9s de 1.000 empleats\/ades) ubicats en municipis o \u00e0rees metropolitanes amb m\u00e9s de 500.000 habitants: hauran d&#8217;incloure accions espec\u00edfiques per reduir la mobilitat en hores punta i la jornada laboral, fomentar transport de baixes o nul\u00b7les emissions.<\/li>\n<\/ul>\n\n<h2 class=\"wp-block-heading\">2. Objectius t\u00e8cnics i estrat\u00e8gics<\/h2>\n\n<p>Aquests plans tenen prop\u00f2sits m\u00faltiples, alineats amb objectius legals, ambientals, socials i econ\u00f2mics:<\/p>\n\n<figure class=\"wp-block-table\"><table class=\"has-fixed-layout\"><tbody><tr><td><strong>Objectiu<\/strong><\/td><td><strong>Detall t\u00e8cnic\/meta quantificable<\/strong><\/td><\/tr><tr><td>Reducci\u00f3 d&#8217;emissions de GEH<\/td><td>Disminuir CO2 derivat dels despla\u00e7aments a la feina; contribuir a l&#8217;objectiu nacional de neutralitat clim\u00e0tica per al 2050.<\/td><\/tr><tr><td>Millora de la qualitat de l&#8217;aire<\/td><td>Menys emissions; descens de morts prematures associades a contaminaci\u00f3.<\/td><\/tr><tr><td>Descongesti\u00f3 del tr\u00e0nsit<\/td><td>Reducci\u00f3 del tr\u00e0nsit rodat en hores punta als accessos a centres de treball.<\/td><\/tr><tr><td>Efici\u00e8ncia energ\u00e8tica<\/td><td>Menor consum de combustibles f\u00f2ssils; potenciaci\u00f3 de modes amb alta efici\u00e8ncia energ\u00e8tica per passatger.<\/td><\/tr><tr><td>Salut laboral<\/td><td>Millora de la salut f\u00edsica (menys malalties cardiovasculars, respirat\u00f2ries), menors riscos in it\u00ednere (els despla\u00e7aments a la feina).<\/td><\/tr><tr><td>Benestar, cost econ\u00f2mic<\/td><td>Estalvi per a qui es despla\u00e7a (menys despesa en cotxe privat, combustible, p\u00e0rquing), per a l&#8217;empresa (menors costos de parc automobil\u00edstic, millor imatge, menor absentisme) i per a l&#8217;administraci\u00f3 p\u00fablica (menors costos de sanitat, infraestructura, contaminaci\u00f3).<\/td><\/tr><tr><td>Compliment normatiu<\/td><td>Evitar sanciones o incumplimientos legales; acceso a fondos p\u00fablicos (estatales \/ europeos)<\/td><\/tr><\/tbody><\/table><\/figure>\n\n<h2 class=\"wp-block-heading\">3. Beneficis esperats si s&#8217;implementa b\u00e9<\/h2>\n\n<ul class=\"wp-block-list\">\n<li><strong>Reducci\u00f3 significativa d&#8217;emissions<\/strong>: models pr\u00e0ctics estimen millores <a href=\"https:\/\/www.nexotrans.com\/noticia\/117995\/nexotrans\/las-empresas-espanolas-pueden-reducir-emisiones-hasta-un-64.html\" target=\"_blank\" rel=\"noreferrer noopener\">de fins al 64% en emissions<\/a> del transport de persones si es combinen bici + transport col\u00b7lectiu + teletreball a centres grans.<\/li>\n\n\n\n<li><strong>Millor salut i menor cost sanitari<\/strong>: menor morbiditat associada a contaminaci\u00f3, menys accidents in itinere; estalvis substancials per a sistemes de salut p\u00fablics.<\/li>\n\n\n\n<li><strong>Millor productivitat<\/strong>: empleats menys temps encallats, m\u00e9s puntualitat, m\u00e9s lleialtat i satisfacci\u00f3.<\/li>\n\n\n\n<li><strong>Costos operatius redu\u00efts<\/strong>: menys necessitat daparcament, menors costos de manteniment de flotes, incentius fiscals, estalvi energ\u00e8tic.<\/li>\n\n\n\n<li><strong>Imatge corporativa \/ llic\u00e8ncia social<\/strong>: responsabilitat social, estar alineat amb metes de clima, ESG (criteris ambientals, socials i governan\u00e7a).<\/li>\n<\/ul>\n\n<h2 class=\"wp-block-heading\">4. Propostes t\u00e8cniques concretes per al disseny dels plans<\/h2>\n\n<p>Perqu\u00e8 els plans de mobilitat sostenible a la feina no quedin en paper mullat, aquestes s\u00f3n <strong>mesures i passos t\u00e8cnics<\/strong> recomanats:<\/p>\n\n<ol class=\"wp-block-list\">\n<li><strong>Diagn\u00f2stic previ <\/strong>Estudi d&#8217;origen-dest\u00ed dels despla\u00e7aments al centre de treball. Recollir dades sobre modes actuals (auto, transport p\u00fablic, bicicletes, caminar). Amenaces i barreres existents (manca d&#8217;infraestructura ciclista, inseguretat vi\u00e0ria, horaris r\u00edgids).  <\/li>\n\n\n\n<li><strong>Disseny del pla amb la representaci\u00f3 dels treballadors<\/strong> Involucrar tots els perfils: operaris, administratius, directius. Negociar mesures realistes, adaptades al context geogr\u00e0fic, clim\u00e0tic i urb\u00e0. <\/li>\n\n\n\n<li><strong>Mesures espec\u00edfiques recomanables<\/strong> Crear infraestructura segura per a bicicletes: aparcaments coberts, vestidors, dutxes. Incentivar la bicicleta el\u00e8ctrica per als qui tenen dist\u00e0ncies mitjanes \/ pendents. Facilitar el transport p\u00fablic: abonaments subvencionats o reemborsament de transport. Mobilitat compartida: cotxe compartit corporatiu, llan\u00e7adores, transport col\u00b7lectiu propi si on hi ha d\u00e8ficit. Flexibilitat laboral: horaris esglaonats per evitar hora punta, teletreball parcial. Programes de sensibilitzaci\u00f3 i formaci\u00f3: seguretat vi\u00e0ria per a ciclistes, promocions, campanyes internes.     <\/li>\n\n\n\n<li><strong>Seguiment i m\u00e8triques<\/strong> Indicadors com a % de persones que utilitzen modes actius, % de reducci\u00f3 de cotxes particulars, emissions evitades, satisfacci\u00f3 del personal, costos estalviats. Pla per avaluar cada dos anys obligat\u00f2riament; reajustar mesures segons resultats. <\/li>\n\n\n\n<li><strong>Instruments complementaris<\/strong> \u00das de dades i tecnologia: apps de rutes, seguiment d\u00fas de bici, enquestes digitals. Coordinaci\u00f3 amb administracions locals per a infraestructures externes (carrils bici, transport p\u00fablic). Incentius econ\u00f2mics: ajuts, beneficis fiscals, subvencions.  <\/li>\n<\/ol>\n\n<h2 class=\"wp-block-heading\">5. Barreres espec\u00edfiques per a les empreses i com superar-les<\/h2>\n\n<figure class=\"wp-block-table\"><table class=\"has-fixed-layout\"><tbody><tr><td><strong>Barrera<\/strong><\/td><td><strong>Estrat\u00e8gia per superar-la<\/strong><\/td><\/tr><tr><td>Resist\u00e8ncia cultural al canvi modal (usar cotxe privat)<\/td><td>Campanyes de sensibilitzaci\u00f3, incentius (per exemple, bons bici, dies de prova, premis interns).<\/td><\/tr><tr><td>Infraestructura deficit\u00e0ria al voltant del centre de treball<\/td><td>Col\u00b7laboraci\u00f3 amb el municipi per millorar rutes segures; inversi\u00f3 pr\u00f2pia en estacionaments bici; acords per a mobilitat compartida.<\/td><\/tr><tr><td>Costos inicials d&#8217;inversi\u00f3<\/td><td>Avaluaci\u00f3 cost-benefici, \u00fas de fons de recuperaci\u00f3 europeus, ajudes estatals o auton\u00f2miques; enfocament modular &#8211; comen\u00e7ar amb mides de baix cost i cr\u00e9ixer.<\/td><\/tr><tr><td>Dificultat per coordinar horaris o modificar organitzativament<\/td><td>Flexibilitat hor\u00e0ria, torns esglaonats; negociacions col\u00b7lectives; \u00fas parcial de teletreball.<\/td><\/tr><tr><td>Compliment legal i burocr\u00e0tic<\/td><td>Assessoria especialitzada; establiment clar de rols interns (qui coordina, qui mesura); eines de seguiment digital.<\/td><\/tr><\/tbody><\/table><\/figure>\n\n<h2 class=\"wp-block-heading\">6. Conclusi\u00f3<\/h2>\n\n<p>L&#8217;article 27 de la Llei de Mobilitat Sostenible no sols imposa obligacions legals, sin\u00f3 que representa una <strong>oportunitat estrat\u00e8gica<\/strong> per a empreses grans i entitats p\u00fabliques. Un pla de mobilitat sostenible a la feina ben dissenyat i executat genera retorns m\u00faltiples: ambientals (menys emissions), socials (millor salut, menys congesti\u00f3), econ\u00f2mics (estalvis de costos, efici\u00e8ncia, productivitat) i reputacionals. <\/p>\n\n<p>Per als qui s&#8217;anticipen -adaptant processos interns, dissenyant mesures ambicioses i mesurant resultats- aquesta legislaci\u00f3 pot servir com a catalitzador per a millores estructurals en la sostenibilitat empresarial i en la mobilitat urbana, especialment promovent l&#8217;\u00fas de la bicicleta, el transport p\u00fablic i les maneres actives.<\/p>\n\n<p>Finalment, cal esperar que els documents de <strong>recomanacions metodol\u00f2giques<\/strong> complementaris del DOMOS (Document d&#8217;Orientacions per a la Mobilitat Sostenible) incloguin objectius ambiciosos respecte als plans de mobilitat sostenible a la feina i, si escau, que sigui sancionable el seu incompliment. Tot i que aix\u00f2 \u00e9s m\u00e9s una pretensi\u00f3 personal que una possible realitat. <\/p>\n","protected":false},"excerpt":{"rendered":"<p>1. El que estableix l&#8217;Art. 27 de la Llei de Mobilitat Sostenible 2. Objectius t\u00e8cnics i estrat\u00e8gics Aquests plans tenen prop\u00f2sits m\u00faltiples, alineats amb objectius legals, ambientals, socials i econ\u00f2mics: Objectiu Detall t\u00e8cnic\/meta quantificable Reducci\u00f3 d&#8217;emissions de GEH Disminuir CO2 derivat dels despla\u00e7aments a la feina; contribuir a l&#8217;objectiu nacional de neutralitat clim\u00e0tica per al [&hellip;]<\/p>\n","protected":false},"author":1,"featured_media":1255,"comment_status":"closed","ping_status":"open","sticky":false,"template":"","format":"standard","meta":{"footnotes":""},"categories":[1],"tags":[],"class_list":["post-1256","post","type-post","status-publish","format-standard","has-post-thumbnail","hentry","category-sin-categoria"],"yoast_head":"<!-- This site is optimized with the Yoast SEO plugin v27.4 - https:\/\/yoast.com\/product\/yoast-seo-wordpress\/ -->\n<title>Plans de despla\u00e7ament d&#039;empresa - Una oportunitat estrat\u00e8gica - Blubic<\/title>\n<meta name=\"robots\" content=\"index, follow, max-snippet:-1, max-image-preview:large, max-video-preview:-1\" \/>\n<link rel=\"canonical\" href=\"https:\/\/www.blubic.com\/planes-de-movilidad-sostenible-al-trabajo-una-oportunidad-estrategica\/\" \/>\n<meta property=\"og:locale\" content=\"ca_ES\" \/>\n<meta property=\"og:type\" content=\"article\" \/>\n<meta property=\"og:title\" content=\"Plans de despla\u00e7ament d&#039;empresa - Una oportunitat estrat\u00e8gica - Blubic\" \/>\n<meta property=\"og:description\" content=\"1. El que estableix l&#8217;Art. 27 de la Llei de Mobilitat Sostenible 2. Objectius t\u00e8cnics i estrat\u00e8gics Aquests plans tenen prop\u00f2sits m\u00faltiples, alineats amb objectius legals, ambientals, socials i econ\u00f2mics: Objectiu Detall t\u00e8cnic\/meta quantificable Reducci\u00f3 d&#8217;emissions de GEH Disminuir CO2 derivat dels despla\u00e7aments a la feina; contribuir a l&#8217;objectiu nacional de neutralitat clim\u00e0tica per al [&hellip;]\" \/>\n<meta property=\"og:url\" content=\"https:\/\/www.blubic.com\/planes-de-movilidad-sostenible-al-trabajo-una-oportunidad-estrategica\/\" \/>\n<meta property=\"og:site_name\" content=\"Blubic\" \/>\n<meta property=\"article:published_time\" content=\"2025-12-18T21:36:45+00:00\" \/>\n<meta property=\"article:modified_time\" content=\"2025-12-23T18:04:16+00:00\" \/>\n<meta property=\"og:image\" content=\"https:\/\/www.blubic.com\/wp-content\/uploads\/2025\/12\/Aparcamiento-de-bicicletas.jpeg\" \/>\n\t<meta property=\"og:image:width\" content=\"1279\" \/>\n\t<meta property=\"og:image:height\" content=\"720\" \/>\n\t<meta property=\"og:image:type\" content=\"image\/jpeg\" \/>\n<meta name=\"author\" content=\"Vilax\" \/>\n<meta name=\"twitter:card\" content=\"summary_large_image\" \/>\n<meta name=\"twitter:label1\" content=\"Escrit per\" \/>\n\t<meta name=\"twitter:data1\" content=\"Vilax\" \/>\n\t<meta name=\"twitter:label2\" content=\"Temps estimat de lectura\" \/>\n\t<meta name=\"twitter:data2\" content=\"5 minuts\" \/>\n<script type=\"application\/ld+json\" class=\"yoast-schema-graph\">{\"@context\":\"https:\\\/\\\/schema.org\",\"@graph\":[{\"@type\":\"Article\",\"@id\":\"https:\\\/\\\/www.blubic.com\\\/planes-de-movilidad-sostenible-al-trabajo-una-oportunidad-estrategica\\\/#article\",\"isPartOf\":{\"@id\":\"https:\\\/\\\/www.blubic.com\\\/planes-de-movilidad-sostenible-al-trabajo-una-oportunidad-estrategica\\\/\"},\"author\":{\"name\":\"Vilax\",\"@id\":\"https:\\\/\\\/www.blubic.com\\\/#\\\/schema\\\/person\\\/9db1b3a766ce659d0b04bf0b8dcc8202\"},\"headline\":\"Plans de despla\u00e7ament d&#8217;empresa &#8211; Una oportunitat estrat\u00e8gica\",\"datePublished\":\"2025-12-18T21:36:45+00:00\",\"dateModified\":\"2025-12-23T18:04:16+00:00\",\"mainEntityOfPage\":{\"@id\":\"https:\\\/\\\/www.blubic.com\\\/planes-de-movilidad-sostenible-al-trabajo-una-oportunidad-estrategica\\\/\"},\"wordCount\":1060,\"publisher\":{\"@id\":\"https:\\\/\\\/www.blubic.com\\\/#organization\"},\"image\":{\"@id\":\"https:\\\/\\\/www.blubic.com\\\/planes-de-movilidad-sostenible-al-trabajo-una-oportunidad-estrategica\\\/#primaryimage\"},\"thumbnailUrl\":\"https:\\\/\\\/www.blubic.com\\\/wp-content\\\/uploads\\\/2025\\\/12\\\/Aparcamiento-de-bicicletas.jpeg\",\"articleSection\":[\"Sin categor\u00eda\"],\"inLanguage\":\"ca\"},{\"@type\":\"WebPage\",\"@id\":\"https:\\\/\\\/www.blubic.com\\\/planes-de-movilidad-sostenible-al-trabajo-una-oportunidad-estrategica\\\/\",\"url\":\"https:\\\/\\\/www.blubic.com\\\/planes-de-movilidad-sostenible-al-trabajo-una-oportunidad-estrategica\\\/\",\"name\":\"Plans de despla\u00e7ament d'empresa - Una oportunitat estrat\u00e8gica - Blubic\",\"isPartOf\":{\"@id\":\"https:\\\/\\\/www.blubic.com\\\/#website\"},\"primaryImageOfPage\":{\"@id\":\"https:\\\/\\\/www.blubic.com\\\/planes-de-movilidad-sostenible-al-trabajo-una-oportunidad-estrategica\\\/#primaryimage\"},\"image\":{\"@id\":\"https:\\\/\\\/www.blubic.com\\\/planes-de-movilidad-sostenible-al-trabajo-una-oportunidad-estrategica\\\/#primaryimage\"},\"thumbnailUrl\":\"https:\\\/\\\/www.blubic.com\\\/wp-content\\\/uploads\\\/2025\\\/12\\\/Aparcamiento-de-bicicletas.jpeg\",\"datePublished\":\"2025-12-18T21:36:45+00:00\",\"dateModified\":\"2025-12-23T18:04:16+00:00\",\"breadcrumb\":{\"@id\":\"https:\\\/\\\/www.blubic.com\\\/planes-de-movilidad-sostenible-al-trabajo-una-oportunidad-estrategica\\\/#breadcrumb\"},\"inLanguage\":\"ca\",\"potentialAction\":[{\"@type\":\"ReadAction\",\"target\":[\"https:\\\/\\\/www.blubic.com\\\/planes-de-movilidad-sostenible-al-trabajo-una-oportunidad-estrategica\\\/\"]}]},{\"@type\":\"ImageObject\",\"inLanguage\":\"ca\",\"@id\":\"https:\\\/\\\/www.blubic.com\\\/planes-de-movilidad-sostenible-al-trabajo-una-oportunidad-estrategica\\\/#primaryimage\",\"url\":\"https:\\\/\\\/www.blubic.com\\\/wp-content\\\/uploads\\\/2025\\\/12\\\/Aparcamiento-de-bicicletas.jpeg\",\"contentUrl\":\"https:\\\/\\\/www.blubic.com\\\/wp-content\\\/uploads\\\/2025\\\/12\\\/Aparcamiento-de-bicicletas.jpeg\",\"width\":1279,\"height\":720,\"caption\":\"Aparcamiento de bicicletas | blubic\"},{\"@type\":\"BreadcrumbList\",\"@id\":\"https:\\\/\\\/www.blubic.com\\\/planes-de-movilidad-sostenible-al-trabajo-una-oportunidad-estrategica\\\/#breadcrumb\",\"itemListElement\":[{\"@type\":\"ListItem\",\"position\":1,\"name\":\"Portada\",\"item\":\"https:\\\/\\\/www.blubic.com\\\/inici\\\/\"},{\"@type\":\"ListItem\",\"position\":2,\"name\":\"Plans de despla\u00e7ament d&#8217;empresa &#8211; Una oportunitat estrat\u00e8gica\"}]},{\"@type\":\"WebSite\",\"@id\":\"https:\\\/\\\/www.blubic.com\\\/#website\",\"url\":\"https:\\\/\\\/www.blubic.com\\\/\",\"name\":\"Blubic\",\"description\":\"\",\"publisher\":{\"@id\":\"https:\\\/\\\/www.blubic.com\\\/#organization\"},\"potentialAction\":[{\"@type\":\"SearchAction\",\"target\":{\"@type\":\"EntryPoint\",\"urlTemplate\":\"https:\\\/\\\/www.blubic.com\\\/?s={search_term_string}\"},\"query-input\":{\"@type\":\"PropertyValueSpecification\",\"valueRequired\":true,\"valueName\":\"search_term_string\"}}],\"inLanguage\":\"ca\"},{\"@type\":\"Organization\",\"@id\":\"https:\\\/\\\/www.blubic.com\\\/#organization\",\"name\":\"Blubic\",\"url\":\"https:\\\/\\\/www.blubic.com\\\/\",\"logo\":{\"@type\":\"ImageObject\",\"inLanguage\":\"ca\",\"@id\":\"https:\\\/\\\/www.blubic.com\\\/#\\\/schema\\\/logo\\\/image\\\/\",\"url\":\"https:\\\/\\\/www.blubic.com\\\/wp-content\\\/uploads\\\/2025\\\/11\\\/bublic_logo_horizontal_cpd.png\",\"contentUrl\":\"https:\\\/\\\/www.blubic.com\\\/wp-content\\\/uploads\\\/2025\\\/11\\\/bublic_logo_horizontal_cpd.png\",\"width\":1562,\"height\":388,\"caption\":\"Blubic\"},\"image\":{\"@id\":\"https:\\\/\\\/www.blubic.com\\\/#\\\/schema\\\/logo\\\/image\\\/\"}},{\"@type\":\"Person\",\"@id\":\"https:\\\/\\\/www.blubic.com\\\/#\\\/schema\\\/person\\\/9db1b3a766ce659d0b04bf0b8dcc8202\",\"name\":\"Vilax\",\"image\":{\"@type\":\"ImageObject\",\"inLanguage\":\"ca\",\"@id\":\"https:\\\/\\\/secure.gravatar.com\\\/avatar\\\/80627b6c1ac4fdc402af226519e261de7c3ec4834ab64a0947b2afb3503754ff?s=96&d=mm&r=g\",\"url\":\"https:\\\/\\\/secure.gravatar.com\\\/avatar\\\/80627b6c1ac4fdc402af226519e261de7c3ec4834ab64a0947b2afb3503754ff?s=96&d=mm&r=g\",\"contentUrl\":\"https:\\\/\\\/secure.gravatar.com\\\/avatar\\\/80627b6c1ac4fdc402af226519e261de7c3ec4834ab64a0947b2afb3503754ff?s=96&d=mm&r=g\",\"caption\":\"Vilax\"},\"sameAs\":[\"https:\\\/\\\/www.blubic.com\"],\"url\":\"https:\\\/\\\/www.blubic.com\\\/ca\\\/author\\\/vilax\\\/\"}]}<\/script>\n<!-- \/ Yoast SEO plugin. -->","yoast_head_json":{"title":"Plans de despla\u00e7ament d'empresa - Una oportunitat estrat\u00e8gica - Blubic","robots":{"index":"index","follow":"follow","max-snippet":"max-snippet:-1","max-image-preview":"max-image-preview:large","max-video-preview":"max-video-preview:-1"},"canonical":"https:\/\/www.blubic.com\/planes-de-movilidad-sostenible-al-trabajo-una-oportunidad-estrategica\/","og_locale":"ca_ES","og_type":"article","og_title":"Plans de despla\u00e7ament d'empresa - Una oportunitat estrat\u00e8gica - Blubic","og_description":"1. El que estableix l&#8217;Art. 27 de la Llei de Mobilitat Sostenible 2. Objectius t\u00e8cnics i estrat\u00e8gics Aquests plans tenen prop\u00f2sits m\u00faltiples, alineats amb objectius legals, ambientals, socials i econ\u00f2mics: Objectiu Detall t\u00e8cnic\/meta quantificable Reducci\u00f3 d&#8217;emissions de GEH Disminuir CO2 derivat dels despla\u00e7aments a la feina; contribuir a l&#8217;objectiu nacional de neutralitat clim\u00e0tica per al [&hellip;]","og_url":"https:\/\/www.blubic.com\/planes-de-movilidad-sostenible-al-trabajo-una-oportunidad-estrategica\/","og_site_name":"Blubic","article_published_time":"2025-12-18T21:36:45+00:00","article_modified_time":"2025-12-23T18:04:16+00:00","og_image":[{"width":1279,"height":720,"url":"https:\/\/www.blubic.com\/wp-content\/uploads\/2025\/12\/Aparcamiento-de-bicicletas.jpeg","type":"image\/jpeg"}],"author":"Vilax","twitter_card":"summary_large_image","twitter_misc":{"Escrit per":"Vilax","Temps estimat de lectura":"5 minuts"},"schema":{"@context":"https:\/\/schema.org","@graph":[{"@type":"Article","@id":"https:\/\/www.blubic.com\/planes-de-movilidad-sostenible-al-trabajo-una-oportunidad-estrategica\/#article","isPartOf":{"@id":"https:\/\/www.blubic.com\/planes-de-movilidad-sostenible-al-trabajo-una-oportunidad-estrategica\/"},"author":{"name":"Vilax","@id":"https:\/\/www.blubic.com\/#\/schema\/person\/9db1b3a766ce659d0b04bf0b8dcc8202"},"headline":"Plans de despla\u00e7ament d&#8217;empresa &#8211; Una oportunitat estrat\u00e8gica","datePublished":"2025-12-18T21:36:45+00:00","dateModified":"2025-12-23T18:04:16+00:00","mainEntityOfPage":{"@id":"https:\/\/www.blubic.com\/planes-de-movilidad-sostenible-al-trabajo-una-oportunidad-estrategica\/"},"wordCount":1060,"publisher":{"@id":"https:\/\/www.blubic.com\/#organization"},"image":{"@id":"https:\/\/www.blubic.com\/planes-de-movilidad-sostenible-al-trabajo-una-oportunidad-estrategica\/#primaryimage"},"thumbnailUrl":"https:\/\/www.blubic.com\/wp-content\/uploads\/2025\/12\/Aparcamiento-de-bicicletas.jpeg","articleSection":["Sin categor\u00eda"],"inLanguage":"ca"},{"@type":"WebPage","@id":"https:\/\/www.blubic.com\/planes-de-movilidad-sostenible-al-trabajo-una-oportunidad-estrategica\/","url":"https:\/\/www.blubic.com\/planes-de-movilidad-sostenible-al-trabajo-una-oportunidad-estrategica\/","name":"Plans de despla\u00e7ament d'empresa - Una oportunitat estrat\u00e8gica - Blubic","isPartOf":{"@id":"https:\/\/www.blubic.com\/#website"},"primaryImageOfPage":{"@id":"https:\/\/www.blubic.com\/planes-de-movilidad-sostenible-al-trabajo-una-oportunidad-estrategica\/#primaryimage"},"image":{"@id":"https:\/\/www.blubic.com\/planes-de-movilidad-sostenible-al-trabajo-una-oportunidad-estrategica\/#primaryimage"},"thumbnailUrl":"https:\/\/www.blubic.com\/wp-content\/uploads\/2025\/12\/Aparcamiento-de-bicicletas.jpeg","datePublished":"2025-12-18T21:36:45+00:00","dateModified":"2025-12-23T18:04:16+00:00","breadcrumb":{"@id":"https:\/\/www.blubic.com\/planes-de-movilidad-sostenible-al-trabajo-una-oportunidad-estrategica\/#breadcrumb"},"inLanguage":"ca","potentialAction":[{"@type":"ReadAction","target":["https:\/\/www.blubic.com\/planes-de-movilidad-sostenible-al-trabajo-una-oportunidad-estrategica\/"]}]},{"@type":"ImageObject","inLanguage":"ca","@id":"https:\/\/www.blubic.com\/planes-de-movilidad-sostenible-al-trabajo-una-oportunidad-estrategica\/#primaryimage","url":"https:\/\/www.blubic.com\/wp-content\/uploads\/2025\/12\/Aparcamiento-de-bicicletas.jpeg","contentUrl":"https:\/\/www.blubic.com\/wp-content\/uploads\/2025\/12\/Aparcamiento-de-bicicletas.jpeg","width":1279,"height":720,"caption":"Aparcamiento de bicicletas | blubic"},{"@type":"BreadcrumbList","@id":"https:\/\/www.blubic.com\/planes-de-movilidad-sostenible-al-trabajo-una-oportunidad-estrategica\/#breadcrumb","itemListElement":[{"@type":"ListItem","position":1,"name":"Portada","item":"https:\/\/www.blubic.com\/inici\/"},{"@type":"ListItem","position":2,"name":"Plans de despla\u00e7ament d&#8217;empresa &#8211; Una oportunitat estrat\u00e8gica"}]},{"@type":"WebSite","@id":"https:\/\/www.blubic.com\/#website","url":"https:\/\/www.blubic.com\/","name":"Blubic","description":"","publisher":{"@id":"https:\/\/www.blubic.com\/#organization"},"potentialAction":[{"@type":"SearchAction","target":{"@type":"EntryPoint","urlTemplate":"https:\/\/www.blubic.com\/?s={search_term_string}"},"query-input":{"@type":"PropertyValueSpecification","valueRequired":true,"valueName":"search_term_string"}}],"inLanguage":"ca"},{"@type":"Organization","@id":"https:\/\/www.blubic.com\/#organization","name":"Blubic","url":"https:\/\/www.blubic.com\/","logo":{"@type":"ImageObject","inLanguage":"ca","@id":"https:\/\/www.blubic.com\/#\/schema\/logo\/image\/","url":"https:\/\/www.blubic.com\/wp-content\/uploads\/2025\/11\/bublic_logo_horizontal_cpd.png","contentUrl":"https:\/\/www.blubic.com\/wp-content\/uploads\/2025\/11\/bublic_logo_horizontal_cpd.png","width":1562,"height":388,"caption":"Blubic"},"image":{"@id":"https:\/\/www.blubic.com\/#\/schema\/logo\/image\/"}},{"@type":"Person","@id":"https:\/\/www.blubic.com\/#\/schema\/person\/9db1b3a766ce659d0b04bf0b8dcc8202","name":"Vilax","image":{"@type":"ImageObject","inLanguage":"ca","@id":"https:\/\/secure.gravatar.com\/avatar\/80627b6c1ac4fdc402af226519e261de7c3ec4834ab64a0947b2afb3503754ff?s=96&d=mm&r=g","url":"https:\/\/secure.gravatar.com\/avatar\/80627b6c1ac4fdc402af226519e261de7c3ec4834ab64a0947b2afb3503754ff?s=96&d=mm&r=g","contentUrl":"https:\/\/secure.gravatar.com\/avatar\/80627b6c1ac4fdc402af226519e261de7c3ec4834ab64a0947b2afb3503754ff?s=96&d=mm&r=g","caption":"Vilax"},"sameAs":["https:\/\/www.blubic.com"],"url":"https:\/\/www.blubic.com\/ca\/author\/vilax\/"}]}},"_links":{"self":[{"href":"https:\/\/www.blubic.com\/ca\/wp-json\/wp\/v2\/posts\/1256","targetHints":{"allow":["GET"]}}],"collection":[{"href":"https:\/\/www.blubic.com\/ca\/wp-json\/wp\/v2\/posts"}],"about":[{"href":"https:\/\/www.blubic.com\/ca\/wp-json\/wp\/v2\/types\/post"}],"author":[{"embeddable":true,"href":"https:\/\/www.blubic.com\/ca\/wp-json\/wp\/v2\/users\/1"}],"replies":[{"embeddable":true,"href":"https:\/\/www.blubic.com\/ca\/wp-json\/wp\/v2\/comments?post=1256"}],"version-history":[{"count":0,"href":"https:\/\/www.blubic.com\/ca\/wp-json\/wp\/v2\/posts\/1256\/revisions"}],"wp:featuredmedia":[{"embeddable":true,"href":"https:\/\/www.blubic.com\/ca\/wp-json\/wp\/v2\/media\/1255"}],"wp:attachment":[{"href":"https:\/\/www.blubic.com\/ca\/wp-json\/wp\/v2\/media?parent=1256"}],"wp:term":[{"taxonomy":"category","embeddable":true,"href":"https:\/\/www.blubic.com\/ca\/wp-json\/wp\/v2\/categories?post=1256"},{"taxonomy":"post_tag","embeddable":true,"href":"https:\/\/www.blubic.com\/ca\/wp-json\/wp\/v2\/tags?post=1256"}],"curies":[{"name":"wp","href":"https:\/\/api.w.org\/{rel}","templated":true}]}}