{"id":1447,"date":"2026-01-12T09:38:54","date_gmt":"2026-01-12T09:38:54","guid":{"rendered":"https:\/\/www.blubic.com\/?p=1447"},"modified":"2026-01-12T09:40:10","modified_gmt":"2026-01-12T09:40:10","slug":"una-hora-al-dia-per-anar-a-treballar","status":"publish","type":"post","link":"https:\/\/www.blubic.com\/ca\/una-hora-al-dia-per-anar-a-treballar\/","title":{"rendered":"Una hora al dia per anar a treballar."},"content":{"rendered":"\n<h2 class=\"wp-block-heading\"><strong>El cost invisible que impacta a la productivitat i la qualitat de vida.<\/strong><\/h2>\n\n<p>Cada mat\u00ed, milions de persones a l&#8217;\u00c0rea Metropolitana de Barcelona repeteixen el mateix ritual: sortir de casa, despla\u00e7ar-se a la feina i assumir, gaireb\u00e9 sense q\u00fcestionar-ho, un temps de viatge que ha esdevingut part estructural de la jornada laboral. No figura al contracte i poques vegades es comptabilitza, per\u00f2 els seus efectes s\u00f3n molt reals. <\/p>\n\n<p><strong>El temps de despla\u00e7ament ja no \u00e9s un efecte col\u00b7lateral del treball: n&#8217;\u00e9s un dels principals condicionants<\/strong>.<\/p>\n\n<p>Les dades de l&#8217;<a href=\"https:\/\/www.omc.cat\/w\/enquesta-emef\"><em>Enquesta de Mobilitat en Dia Feiner (EMEF)<\/em><\/a> ho confirmen: ens movem m\u00e9s, de forma diferent\u2026 i dedicant una part molt significativa del nostre temps diari a fer-ho i amb tend\u00e8ncia a augmentar-ho.<\/p>\n\n<figure class=\"wp-block-image size-full\"><img fetchpriority=\"high\" decoding=\"async\" width=\"752\" height=\"452\" src=\"https:\/\/www.blubic.com\/wp-content\/uploads\/2026\/01\/image-1.png\" alt=\"Tend&#xE8;ncia del temps de despla&#xE7;ament a la feina.\" class=\"wp-image-1437\" srcset=\"https:\/\/www.blubic.com\/wp-content\/uploads\/2026\/01\/image-1.png 752w, https:\/\/www.blubic.com\/wp-content\/uploads\/2026\/01\/image-1-300x180.png 300w\" sizes=\"(max-width: 752px) 100vw, 752px\" \/><figcaption class=\"wp-element-caption\">\ud83d\udcccFont: UGT de Catalunya amb dades de l&#8217;Enquesta de Mobilitaten Dia Feiner, ATM Barcelona.<\/figcaption><\/figure>\n\n<p><\/p>\n\n<p><strong>El temps de despla\u00e7ament com a \u201cjornada laboral encoberta\u201d<\/strong><\/p>\n\n<p>L&#8217;<a href=\"https:\/\/www.3cat.cat\/3catinfo\/una-hora-al-dia-per-anar-i-tornar-de-la-feina-la-jornada-laboral-encoberta\/noticia-amp\/3387983\/\">article de refer\u00e8ncia de 3Cat<\/a> i UGT ho expressa amb claredat: <strong>una hora di\u00e0ria per anar i tornar de la feina equival a m\u00e9s de 200 hores a l&#8217;any<\/strong>. Des del punt de vista empresarial, aix\u00f2 t\u00e9 implicacions directes: <\/p>\n\n<ul class=\"wp-block-list\">\n<li>Fatiga acumulada abans de comen\u00e7ar la jornada<\/li>\n\n\n\n<li>Menor concentraci\u00f3 i productivitat<\/li>\n\n\n\n<li>Reducci\u00f3 del temps de descans i conciliaci\u00f3<\/li>\n\n\n\n<li>Increment de l&#8217;estr\u00e8s cr\u00f2nic<\/li>\n<\/ul>\n\n<p>El que \u00e9s rellevant \u00e9s que <strong>aquest temps no es distribueix de forma homog\u00e8nia<\/strong>, sin\u00f3 que dep\u00e8n en gran mesura del mode de transport utilitzat.<\/p>\n\n<p><\/p>\n\n<p><strong>Quant de temps dediquem realment a despla\u00e7ar-nos?<\/strong><\/p>\n\n<p><strong>Dades reals de durada per mode de transport (EMEF)<\/strong><\/p>\n\n<p>Tot i que l&#8217;EMEF no publica cada any s\u00e8ries completes de durada mitjana, els estudis de refer\u00e8ncia a l&#8217;\u00e0mbit metropolit\u00e0 permeten establir un marc s\u00f2lid de comparaci\u00f3:<\/p>\n\n<figure class=\"wp-block-image size-full\"><img decoding=\"async\" width=\"706\" height=\"329\" src=\"https:\/\/www.blubic.com\/wp-content\/uploads\/2026\/01\/image-2.png\" alt=\"Temps mitj&#xE0; de despla&#xE7;ament per mode de transport\" class=\"wp-image-1438\" srcset=\"https:\/\/www.blubic.com\/wp-content\/uploads\/2026\/01\/image-2.png 706w, https:\/\/www.blubic.com\/wp-content\/uploads\/2026\/01\/image-2-300x140.png 300w\" sizes=\"(max-width: 706px) 100vw, 706px\" \/><figcaption class=\"wp-element-caption\">\ud83d\udccc <em>Font: EMEF + estudis de refer\u00e8ncia AMB (durada mitjana incloent esperes)<\/em><\/figcaption><\/figure>\n\n<p>Aquesta dada \u00e9s clau per entendre per qu\u00e8 <strong>el transport p\u00fablic, tot i ser m\u00e9s sostenible, concentra gran part del \u201ccost temporal ocult\u201d<\/strong> del treball presencial.<\/p>\n\n<p><\/p>\n\n<p><strong>El cotxe privat: menys temps\u2026 per\u00f2 m\u00e9s costos amagats.<\/strong><\/p>\n\n<p>Des del punt de vista estrictament temporal, el cotxe privat continua oferint trajectes m\u00e9s curts. Tot i aix\u00f2, quan analitzo l&#8217;impacte global, el balan\u00e7 canvia: <\/p>\n\n<ul class=\"wp-block-list\">\n<li>Estr\u00e8s per congesti\u00f3<\/li>\n\n\n\n<li>Incertesa hor\u00e0ria<\/li>\n\n\n\n<li>Costos econ\u00f2mics directes i indirectes<\/li>\n\n\n\n<li>Impacte ambiental i reputacional per a les empreses<\/li>\n<\/ul>\n\n<p>Per a moltes organitzacions, <strong>continuar incentivant impl\u00edcitament el cotxe privat \u00e9s incompatible amb estrat\u00e8gies ESG i de benestar laboral<\/strong>.<\/p>\n\n<p><\/p>\n\n<p><strong>Transport p\u00fablic: sostenible per\u00f2 penalitzat en temps.<\/strong><\/p>\n\n<p>El transport p\u00fablic \u00e9s la columna vertebral de la mobilitat metropolitana, per\u00f2 tamb\u00e9 la manera que <strong>m\u00e9s temps exigeix \u200b\u200bal treballador<\/strong>. Esperes, transbords i recorreguts indirectes expliquen per qu\u00e8 molts empleats senten que \u201cperden\u201d temps abans i despr\u00e9s de treballar. Des de la perspectiva de la productivitat, aix\u00f2 planteja una pregunta inc\u00f2moda:  <\/p>\n\n<p>\ud83d\udc49 <strong>Quantes hores productives es dilueixen cada dia en llargs i inevitables trajectes?<\/strong><\/p>\n\n<p><\/p>\n\n<p><strong>Modes actius: menys temps, m\u00e9s salut, m\u00e9s rendiment.<\/strong><\/p>\n\n<p>Caminar o anar amb bicicleta a la feina no nom\u00e9s redueix el temps de despla\u00e7ament en trajectes urbans, sin\u00f3 que:<\/p>\n\n<ul class=\"wp-block-list\">\n<li>Millora la salut f\u00edsica i mental<\/li>\n\n\n\n<li>Redueix l&#8217;absentisme<\/li>\n\n\n\n<li>Incrementa l&#8217;energia a l&#8217;inici de la jornada<\/li>\n\n\n\n<li>Refor\u00e7a la percepci\u00f3 de qualitat de vida<\/li>\n<\/ul>\n\n<p>No \u00e9s casualitat que la mobilitat activa ja superi el 50 % dels despla\u00e7aments diaris a l&#8217;AMB.<\/p>\n\n<p><\/p>\n\n<p><strong>El gran oblidat: el cost del temps de despla\u00e7ament.<\/strong><\/p>\n\n<p>Quan parlem de mobilitat laboral, solem mesurar quil\u00f2metres, emissions o euros. Per\u00f2 <strong>el cost m\u00e9s valu\u00f3s \u00e9s el temps<\/strong>. <\/p>\n\n<p>Una persona que hi dedica:<\/p>\n\n<ul class=\"wp-block-list\">\n<li>50 minuts per trajecte amb transport p\u00fablic<\/li>\n\n\n\n<li>2 trajectes diaris<\/li>\n\n\n\n<li>220 dies laborables<\/li>\n<\/ul>\n\n<p>Est\u00e0 invertint <strong>m\u00e9s de 360 \u200b\u200bhores<\/strong> a l&#8217;any nom\u00e9s per despla\u00e7ar-se.<\/p>\n\n<p>Aix\u00f2 equival a <strong>nou setmanes laborals completes<\/strong>.<\/p>\n\n<blockquote class=\"wp-block-quote is-layout-flow wp-block-quote-is-layout-flow\">\n<p>\ud83d\udc49 <strong>Posa-li un preu (euros\/h) al teu temps dedicat a despla\u00e7aments.<\/strong><\/p>\n<\/blockquote>\n\n<p><\/p>\n\n<p><strong>Qu\u00e8 poden fer les empreses?<\/strong><\/p>\n\n<p>Des de la meva experi\u00e8ncia t\u00e8cnica, les organitzacions tenen marge real dactuaci\u00f3:<\/p>\n\n<ul class=\"wp-block-list\">\n<li>Dissenyar plans de mobilitat a la feina basats en dades<\/li>\n\n\n\n<li>Fomentar el teletreball parcial<\/li>\n\n\n\n<li>Incentivar horaris flexibles per evitar hores punta<\/li>\n\n\n\n<li>Facilitar l&#8217;\u00fas de modes actius, bicicleta i transport p\u00fablic<\/li>\n\n\n\n<li>Mesurar el temps de despla\u00e7ament com a indicador de benestar<\/li>\n<\/ul>\n\n<p>La mobilitat ja no \u00e9s nom\u00e9s una q\u00fcesti\u00f3 de transport. <strong>\u00c9s una variable estrat\u00e8gica de productivitat i salut laboral<\/strong>.<\/p>\n\n<div style=\"height:39px\" aria-hidden=\"true\" class=\"wp-block-spacer\"><\/div>\n\n<p><strong>Conclusi\u00f3<\/strong><\/p>\n\n<p>L&#8217;increment del temps de despla\u00e7ament no \u00e9s un problema individual, sin\u00f3 <strong>un repte estructural que afecta directament la qualitat de vida de les persones treballadores i el rendiment de les empreses<\/strong>.<\/p>\n\n<p>Les dades de l&#8217;EMEF mostren que canviem d&#8217;h\u00e0bits i apostem per maneres m\u00e9s sostenibles. El pas seg\u00fcent \u00e9s clar: <strong>reduir el temps perdut en despla\u00e7aments i tornar-lo a les persones ia l&#8217;organitzaci\u00f3<\/strong>. <\/p>\n\n<p>Perqu\u00e8 una jornada laboral m\u00e9s humana comen\u00e7a molt abans de fitxar-ho.<\/p>\n\n<p class=\"has-small-font-size\"><em>Font: Enquesta de Mobilitat a Dia Feiner (EMEF), ATM, Institut Metropolita. Elaboraci\u00f3 pr\u00f2pia. <\/em><\/p>\n\n<div style=\"height:40px\" aria-hidden=\"true\" class=\"wp-block-spacer\"><\/div>\n\n<p>Costos percebuts i no percebuts dels despla\u00e7aments a la feina:<\/p>\n\n<hr class=\"wp-block-separator has-alpha-channel-opacity\"\/>\n\n<ul class=\"wp-block-list\">\n<li><strong>Costos interns o directes:<\/strong>\n<ul class=\"wp-block-list\">\n<li><em>Costos d&#8217;operaci\u00f3: amortitzaci\u00f3 del vehicle, consum energ\u00e8tic, lubricants i pneum\u00e0tics, aparcament a l&#8217;origen i dest\u00ed, costos d&#8217;operaci\u00f3 i manteniment, impostos, peatges i multes.<\/em><\/li>\n\n\n\n<li><em>Valor del temps dedicat als despla\u00e7aments (incloent-hi esperes i cerca d&#8217;aparcament).<\/em><\/li>\n<\/ul>\n<\/li>\n\n\n\n<li><strong>Costos externs o indirectes:<\/strong>\n<ul class=\"wp-block-list\">\n<li><em>Externalitats: Canvi clim\u00e0tic, contaminaci\u00f3 atmosf\u00e8rica, soroll, accidents, costos sanitaris, ocupaci\u00f3 de l&#8217;espai i danys a la natura.<\/em><\/li>\n<\/ul>\n<\/li>\n<\/ul>\n\n<hr class=\"wp-block-separator has-alpha-channel-opacity\"\/>\n\n<p><\/p>\n","protected":false},"excerpt":{"rendered":"<p>El cost invisible que impacta a la productivitat i la qualitat de vida. Cada mat\u00ed, milions de persones a l&#8217;\u00c0rea Metropolitana de Barcelona repeteixen el mateix ritual: sortir de casa, despla\u00e7ar-se a la feina i assumir, gaireb\u00e9 sense q\u00fcestionar-ho, un temps de viatge que ha esdevingut part estructural de la jornada laboral. No figura al [&hellip;]<\/p>\n","protected":false},"author":2,"featured_media":1446,"comment_status":"closed","ping_status":"open","sticky":false,"template":"","format":"standard","meta":{"footnotes":""},"categories":[1],"tags":[],"class_list":["post-1447","post","type-post","status-publish","format-standard","has-post-thumbnail","hentry","category-sin-categoria"],"yoast_head":"<!-- This site is optimized with the Yoast SEO plugin v27.4 - https:\/\/yoast.com\/product\/yoast-seo-wordpress\/ -->\n<title>Una hora al dia per anar a treballar. - Blubic<\/title>\n<meta name=\"robots\" content=\"index, follow, max-snippet:-1, max-image-preview:large, max-video-preview:-1\" \/>\n<link rel=\"canonical\" href=\"https:\/\/www.blubic.com\/una-hora-al-dia-para-ir-a-trabajar\/\" \/>\n<meta property=\"og:locale\" content=\"ca_ES\" \/>\n<meta property=\"og:type\" content=\"article\" \/>\n<meta property=\"og:title\" content=\"Una hora al dia per anar a treballar. - Blubic\" \/>\n<meta property=\"og:description\" content=\"El cost invisible que impacta a la productivitat i la qualitat de vida. Cada mat\u00ed, milions de persones a l&#8217;\u00c0rea Metropolitana de Barcelona repeteixen el mateix ritual: sortir de casa, despla\u00e7ar-se a la feina i assumir, gaireb\u00e9 sense q\u00fcestionar-ho, un temps de viatge que ha esdevingut part estructural de la jornada laboral. No figura al [&hellip;]\" \/>\n<meta property=\"og:url\" content=\"https:\/\/www.blubic.com\/una-hora-al-dia-para-ir-a-trabajar\/\" \/>\n<meta property=\"og:site_name\" content=\"Blubic\" \/>\n<meta property=\"article:published_time\" content=\"2026-01-12T09:38:54+00:00\" \/>\n<meta property=\"article:modified_time\" content=\"2026-01-12T09:40:10+00:00\" \/>\n<meta property=\"og:image\" content=\"https:\/\/www.blubic.com\/wp-content\/uploads\/2026\/01\/Tiempo-desplazamiento-al-trabajo.png\" \/>\n\t<meta property=\"og:image:width\" content=\"900\" \/>\n\t<meta property=\"og:image:height\" content=\"600\" \/>\n\t<meta property=\"og:image:type\" content=\"image\/png\" \/>\n<meta name=\"author\" content=\"Blubic\" \/>\n<meta name=\"twitter:card\" content=\"summary_large_image\" \/>\n<meta name=\"twitter:label1\" content=\"Escrit per\" \/>\n\t<meta name=\"twitter:data1\" content=\"Blubic\" \/>\n\t<meta name=\"twitter:label2\" content=\"Temps estimat de lectura\" \/>\n\t<meta name=\"twitter:data2\" content=\"4 minuts\" \/>\n<script type=\"application\/ld+json\" class=\"yoast-schema-graph\">{\"@context\":\"https:\\\/\\\/schema.org\",\"@graph\":[{\"@type\":\"Article\",\"@id\":\"https:\\\/\\\/www.blubic.com\\\/una-hora-al-dia-para-ir-a-trabajar\\\/#article\",\"isPartOf\":{\"@id\":\"https:\\\/\\\/www.blubic.com\\\/una-hora-al-dia-para-ir-a-trabajar\\\/\"},\"author\":{\"name\":\"Blubic\",\"@id\":\"https:\\\/\\\/www.blubic.com\\\/#\\\/schema\\\/person\\\/65f19ddf3ca8550007e2fbdac956674d\"},\"headline\":\"Una hora al dia per anar a treballar.\",\"datePublished\":\"2026-01-12T09:38:54+00:00\",\"dateModified\":\"2026-01-12T09:40:10+00:00\",\"mainEntityOfPage\":{\"@id\":\"https:\\\/\\\/www.blubic.com\\\/una-hora-al-dia-para-ir-a-trabajar\\\/\"},\"wordCount\":923,\"publisher\":{\"@id\":\"https:\\\/\\\/www.blubic.com\\\/#organization\"},\"image\":{\"@id\":\"https:\\\/\\\/www.blubic.com\\\/una-hora-al-dia-para-ir-a-trabajar\\\/#primaryimage\"},\"thumbnailUrl\":\"https:\\\/\\\/www.blubic.com\\\/wp-content\\\/uploads\\\/2026\\\/01\\\/Tiempo-desplazamiento-al-trabajo.png\",\"articleSection\":[\"Sin categor\u00eda\"],\"inLanguage\":\"ca\"},{\"@type\":\"WebPage\",\"@id\":\"https:\\\/\\\/www.blubic.com\\\/una-hora-al-dia-para-ir-a-trabajar\\\/\",\"url\":\"https:\\\/\\\/www.blubic.com\\\/una-hora-al-dia-para-ir-a-trabajar\\\/\",\"name\":\"Una hora al dia per anar a treballar. - Blubic\",\"isPartOf\":{\"@id\":\"https:\\\/\\\/www.blubic.com\\\/#website\"},\"primaryImageOfPage\":{\"@id\":\"https:\\\/\\\/www.blubic.com\\\/una-hora-al-dia-para-ir-a-trabajar\\\/#primaryimage\"},\"image\":{\"@id\":\"https:\\\/\\\/www.blubic.com\\\/una-hora-al-dia-para-ir-a-trabajar\\\/#primaryimage\"},\"thumbnailUrl\":\"https:\\\/\\\/www.blubic.com\\\/wp-content\\\/uploads\\\/2026\\\/01\\\/Tiempo-desplazamiento-al-trabajo.png\",\"datePublished\":\"2026-01-12T09:38:54+00:00\",\"dateModified\":\"2026-01-12T09:40:10+00:00\",\"breadcrumb\":{\"@id\":\"https:\\\/\\\/www.blubic.com\\\/una-hora-al-dia-para-ir-a-trabajar\\\/#breadcrumb\"},\"inLanguage\":\"ca\",\"potentialAction\":[{\"@type\":\"ReadAction\",\"target\":[\"https:\\\/\\\/www.blubic.com\\\/una-hora-al-dia-para-ir-a-trabajar\\\/\"]}]},{\"@type\":\"ImageObject\",\"inLanguage\":\"ca\",\"@id\":\"https:\\\/\\\/www.blubic.com\\\/una-hora-al-dia-para-ir-a-trabajar\\\/#primaryimage\",\"url\":\"https:\\\/\\\/www.blubic.com\\\/wp-content\\\/uploads\\\/2026\\\/01\\\/Tiempo-desplazamiento-al-trabajo.png\",\"contentUrl\":\"https:\\\/\\\/www.blubic.com\\\/wp-content\\\/uploads\\\/2026\\\/01\\\/Tiempo-desplazamiento-al-trabajo.png\",\"width\":900,\"height\":600,\"caption\":\"Temps de despla\u00e7ament a la feina\"},{\"@type\":\"BreadcrumbList\",\"@id\":\"https:\\\/\\\/www.blubic.com\\\/una-hora-al-dia-para-ir-a-trabajar\\\/#breadcrumb\",\"itemListElement\":[{\"@type\":\"ListItem\",\"position\":1,\"name\":\"Portada\",\"item\":\"https:\\\/\\\/www.blubic.com\\\/inici\\\/\"},{\"@type\":\"ListItem\",\"position\":2,\"name\":\"Una hora al dia per anar a treballar.\"}]},{\"@type\":\"WebSite\",\"@id\":\"https:\\\/\\\/www.blubic.com\\\/#website\",\"url\":\"https:\\\/\\\/www.blubic.com\\\/\",\"name\":\"Blubic\",\"description\":\"\",\"publisher\":{\"@id\":\"https:\\\/\\\/www.blubic.com\\\/#organization\"},\"potentialAction\":[{\"@type\":\"SearchAction\",\"target\":{\"@type\":\"EntryPoint\",\"urlTemplate\":\"https:\\\/\\\/www.blubic.com\\\/?s={search_term_string}\"},\"query-input\":{\"@type\":\"PropertyValueSpecification\",\"valueRequired\":true,\"valueName\":\"search_term_string\"}}],\"inLanguage\":\"ca\"},{\"@type\":\"Organization\",\"@id\":\"https:\\\/\\\/www.blubic.com\\\/#organization\",\"name\":\"Blubic\",\"url\":\"https:\\\/\\\/www.blubic.com\\\/\",\"logo\":{\"@type\":\"ImageObject\",\"inLanguage\":\"ca\",\"@id\":\"https:\\\/\\\/www.blubic.com\\\/#\\\/schema\\\/logo\\\/image\\\/\",\"url\":\"https:\\\/\\\/www.blubic.com\\\/wp-content\\\/uploads\\\/2025\\\/11\\\/bublic_logo_horizontal_cpd.png\",\"contentUrl\":\"https:\\\/\\\/www.blubic.com\\\/wp-content\\\/uploads\\\/2025\\\/11\\\/bublic_logo_horizontal_cpd.png\",\"width\":1562,\"height\":388,\"caption\":\"Blubic\"},\"image\":{\"@id\":\"https:\\\/\\\/www.blubic.com\\\/#\\\/schema\\\/logo\\\/image\\\/\"}},{\"@type\":\"Person\",\"@id\":\"https:\\\/\\\/www.blubic.com\\\/#\\\/schema\\\/person\\\/65f19ddf3ca8550007e2fbdac956674d\",\"name\":\"Blubic\",\"image\":{\"@type\":\"ImageObject\",\"inLanguage\":\"ca\",\"@id\":\"https:\\\/\\\/secure.gravatar.com\\\/avatar\\\/9cf04d72a6e7ab8947cbb35ed626ed9c67ca4d2d1ff0edae9518a3332cf348c4?s=96&d=mm&r=g\",\"url\":\"https:\\\/\\\/secure.gravatar.com\\\/avatar\\\/9cf04d72a6e7ab8947cbb35ed626ed9c67ca4d2d1ff0edae9518a3332cf348c4?s=96&d=mm&r=g\",\"contentUrl\":\"https:\\\/\\\/secure.gravatar.com\\\/avatar\\\/9cf04d72a6e7ab8947cbb35ed626ed9c67ca4d2d1ff0edae9518a3332cf348c4?s=96&d=mm&r=g\",\"caption\":\"Blubic\"},\"url\":\"https:\\\/\\\/www.blubic.com\\\/ca\\\/author\\\/blubic\\\/\"}]}<\/script>\n<!-- \/ Yoast SEO plugin. -->","yoast_head_json":{"title":"Una hora al dia per anar a treballar. - Blubic","robots":{"index":"index","follow":"follow","max-snippet":"max-snippet:-1","max-image-preview":"max-image-preview:large","max-video-preview":"max-video-preview:-1"},"canonical":"https:\/\/www.blubic.com\/una-hora-al-dia-para-ir-a-trabajar\/","og_locale":"ca_ES","og_type":"article","og_title":"Una hora al dia per anar a treballar. - Blubic","og_description":"El cost invisible que impacta a la productivitat i la qualitat de vida. Cada mat\u00ed, milions de persones a l&#8217;\u00c0rea Metropolitana de Barcelona repeteixen el mateix ritual: sortir de casa, despla\u00e7ar-se a la feina i assumir, gaireb\u00e9 sense q\u00fcestionar-ho, un temps de viatge que ha esdevingut part estructural de la jornada laboral. No figura al [&hellip;]","og_url":"https:\/\/www.blubic.com\/una-hora-al-dia-para-ir-a-trabajar\/","og_site_name":"Blubic","article_published_time":"2026-01-12T09:38:54+00:00","article_modified_time":"2026-01-12T09:40:10+00:00","og_image":[{"width":900,"height":600,"url":"https:\/\/www.blubic.com\/wp-content\/uploads\/2026\/01\/Tiempo-desplazamiento-al-trabajo.png","type":"image\/png"}],"author":"Blubic","twitter_card":"summary_large_image","twitter_misc":{"Escrit per":"Blubic","Temps estimat de lectura":"4 minuts"},"schema":{"@context":"https:\/\/schema.org","@graph":[{"@type":"Article","@id":"https:\/\/www.blubic.com\/una-hora-al-dia-para-ir-a-trabajar\/#article","isPartOf":{"@id":"https:\/\/www.blubic.com\/una-hora-al-dia-para-ir-a-trabajar\/"},"author":{"name":"Blubic","@id":"https:\/\/www.blubic.com\/#\/schema\/person\/65f19ddf3ca8550007e2fbdac956674d"},"headline":"Una hora al dia per anar a treballar.","datePublished":"2026-01-12T09:38:54+00:00","dateModified":"2026-01-12T09:40:10+00:00","mainEntityOfPage":{"@id":"https:\/\/www.blubic.com\/una-hora-al-dia-para-ir-a-trabajar\/"},"wordCount":923,"publisher":{"@id":"https:\/\/www.blubic.com\/#organization"},"image":{"@id":"https:\/\/www.blubic.com\/una-hora-al-dia-para-ir-a-trabajar\/#primaryimage"},"thumbnailUrl":"https:\/\/www.blubic.com\/wp-content\/uploads\/2026\/01\/Tiempo-desplazamiento-al-trabajo.png","articleSection":["Sin categor\u00eda"],"inLanguage":"ca"},{"@type":"WebPage","@id":"https:\/\/www.blubic.com\/una-hora-al-dia-para-ir-a-trabajar\/","url":"https:\/\/www.blubic.com\/una-hora-al-dia-para-ir-a-trabajar\/","name":"Una hora al dia per anar a treballar. - Blubic","isPartOf":{"@id":"https:\/\/www.blubic.com\/#website"},"primaryImageOfPage":{"@id":"https:\/\/www.blubic.com\/una-hora-al-dia-para-ir-a-trabajar\/#primaryimage"},"image":{"@id":"https:\/\/www.blubic.com\/una-hora-al-dia-para-ir-a-trabajar\/#primaryimage"},"thumbnailUrl":"https:\/\/www.blubic.com\/wp-content\/uploads\/2026\/01\/Tiempo-desplazamiento-al-trabajo.png","datePublished":"2026-01-12T09:38:54+00:00","dateModified":"2026-01-12T09:40:10+00:00","breadcrumb":{"@id":"https:\/\/www.blubic.com\/una-hora-al-dia-para-ir-a-trabajar\/#breadcrumb"},"inLanguage":"ca","potentialAction":[{"@type":"ReadAction","target":["https:\/\/www.blubic.com\/una-hora-al-dia-para-ir-a-trabajar\/"]}]},{"@type":"ImageObject","inLanguage":"ca","@id":"https:\/\/www.blubic.com\/una-hora-al-dia-para-ir-a-trabajar\/#primaryimage","url":"https:\/\/www.blubic.com\/wp-content\/uploads\/2026\/01\/Tiempo-desplazamiento-al-trabajo.png","contentUrl":"https:\/\/www.blubic.com\/wp-content\/uploads\/2026\/01\/Tiempo-desplazamiento-al-trabajo.png","width":900,"height":600,"caption":"Temps de despla\u00e7ament a la feina"},{"@type":"BreadcrumbList","@id":"https:\/\/www.blubic.com\/una-hora-al-dia-para-ir-a-trabajar\/#breadcrumb","itemListElement":[{"@type":"ListItem","position":1,"name":"Portada","item":"https:\/\/www.blubic.com\/inici\/"},{"@type":"ListItem","position":2,"name":"Una hora al dia per anar a treballar."}]},{"@type":"WebSite","@id":"https:\/\/www.blubic.com\/#website","url":"https:\/\/www.blubic.com\/","name":"Blubic","description":"","publisher":{"@id":"https:\/\/www.blubic.com\/#organization"},"potentialAction":[{"@type":"SearchAction","target":{"@type":"EntryPoint","urlTemplate":"https:\/\/www.blubic.com\/?s={search_term_string}"},"query-input":{"@type":"PropertyValueSpecification","valueRequired":true,"valueName":"search_term_string"}}],"inLanguage":"ca"},{"@type":"Organization","@id":"https:\/\/www.blubic.com\/#organization","name":"Blubic","url":"https:\/\/www.blubic.com\/","logo":{"@type":"ImageObject","inLanguage":"ca","@id":"https:\/\/www.blubic.com\/#\/schema\/logo\/image\/","url":"https:\/\/www.blubic.com\/wp-content\/uploads\/2025\/11\/bublic_logo_horizontal_cpd.png","contentUrl":"https:\/\/www.blubic.com\/wp-content\/uploads\/2025\/11\/bublic_logo_horizontal_cpd.png","width":1562,"height":388,"caption":"Blubic"},"image":{"@id":"https:\/\/www.blubic.com\/#\/schema\/logo\/image\/"}},{"@type":"Person","@id":"https:\/\/www.blubic.com\/#\/schema\/person\/65f19ddf3ca8550007e2fbdac956674d","name":"Blubic","image":{"@type":"ImageObject","inLanguage":"ca","@id":"https:\/\/secure.gravatar.com\/avatar\/9cf04d72a6e7ab8947cbb35ed626ed9c67ca4d2d1ff0edae9518a3332cf348c4?s=96&d=mm&r=g","url":"https:\/\/secure.gravatar.com\/avatar\/9cf04d72a6e7ab8947cbb35ed626ed9c67ca4d2d1ff0edae9518a3332cf348c4?s=96&d=mm&r=g","contentUrl":"https:\/\/secure.gravatar.com\/avatar\/9cf04d72a6e7ab8947cbb35ed626ed9c67ca4d2d1ff0edae9518a3332cf348c4?s=96&d=mm&r=g","caption":"Blubic"},"url":"https:\/\/www.blubic.com\/ca\/author\/blubic\/"}]}},"_links":{"self":[{"href":"https:\/\/www.blubic.com\/ca\/wp-json\/wp\/v2\/posts\/1447","targetHints":{"allow":["GET"]}}],"collection":[{"href":"https:\/\/www.blubic.com\/ca\/wp-json\/wp\/v2\/posts"}],"about":[{"href":"https:\/\/www.blubic.com\/ca\/wp-json\/wp\/v2\/types\/post"}],"author":[{"embeddable":true,"href":"https:\/\/www.blubic.com\/ca\/wp-json\/wp\/v2\/users\/2"}],"replies":[{"embeddable":true,"href":"https:\/\/www.blubic.com\/ca\/wp-json\/wp\/v2\/comments?post=1447"}],"version-history":[{"count":0,"href":"https:\/\/www.blubic.com\/ca\/wp-json\/wp\/v2\/posts\/1447\/revisions"}],"wp:featuredmedia":[{"embeddable":true,"href":"https:\/\/www.blubic.com\/ca\/wp-json\/wp\/v2\/media\/1446"}],"wp:attachment":[{"href":"https:\/\/www.blubic.com\/ca\/wp-json\/wp\/v2\/media?parent=1447"}],"wp:term":[{"taxonomy":"category","embeddable":true,"href":"https:\/\/www.blubic.com\/ca\/wp-json\/wp\/v2\/categories?post=1447"},{"taxonomy":"post_tag","embeddable":true,"href":"https:\/\/www.blubic.com\/ca\/wp-json\/wp\/v2\/tags?post=1447"}],"curies":[{"name":"wp","href":"https:\/\/api.w.org\/{rel}","templated":true}]}}