{"id":1511,"date":"2026-02-02T09:03:00","date_gmt":"2026-02-02T09:03:00","guid":{"rendered":"https:\/\/www.blubic.com\/?p=1511"},"modified":"2026-02-02T09:03:02","modified_gmt":"2026-02-02T09:03:02","slug":"per-que-un-pla-de-desplacament-sostenible-ja-no-es-opcional-per-a-les-empreses","status":"publish","type":"post","link":"https:\/\/www.blubic.com\/ca\/per-que-un-pla-de-desplacament-sostenible-ja-no-es-opcional-per-a-les-empreses\/","title":{"rendered":"Per qu\u00e8 un Pla de Despla\u00e7ament Sostenible ja no \u00e9s opcional per a les empreses"},"content":{"rendered":"\n<p>En un context marcat per la pressi\u00f3 regulat\u00f2ria, la competitivitat del talent i els objectius ESG, la mobilitat de les persones treballadores ha esdevingut una <strong>palanca estrat\u00e8gica de negoci<\/strong>.<\/p>\n\n<p>Un <strong>Pla de Despla\u00e7ament Sostenible d&#8217;Empresa<\/strong> no nom\u00e9s \u00e9s una eina ambiental: \u00e9s una <strong>decisi\u00f3 corporativa amb impacte directe en costos, productivitat, reputaci\u00f3 i compliment normatiu<\/strong>.<\/p>\n\n<h2 class=\"wp-block-heading\">Aquests s\u00f3n els 5 beneficis clau que estan portant a cada cop m\u00e9s empreses a implantar-lo:<\/h2>\n\n<h3 class=\"wp-block-heading\">1\ufe0f\u20e3 Reducci\u00f3 de costos operatius<\/h3>\n\n<p>Optimitzar els despla\u00e7aments redueix de manera significativa les <strong>despeses associades a combustible, flotes, aparcament i log\u00edstica.<\/strong><\/p>\n\n<p>Segons la <strong>Comissi\u00f3 Europea<\/strong>, els plans de mobilitat empresarial permeten reduir fins a un <strong>20\u201330 % dels costos vinculats al transport laboral<\/strong> quan es combinen mesures com ara teletreball, mobilitat compartida i transport sostenible.<\/p>\n\n<p>\u27a1\ufe0f Menys costos estructurals, m\u00e9s efici\u00e8ncia operativa.<\/p>\n\n<p><\/p>\n\n<h3 class=\"wp-block-heading\">2\ufe0f\u20e3 Benestar i productivitat del personal<\/h3>\n\n<p>La mobilitat \u00e9s un dels factors principals <strong>d&#8217;estr\u00e8s laboral<\/strong>. Reduir temps de trajecte i oferir alternatives flexibles millora la <strong>salut f\u00edsica i mental<\/strong>, disminueix l&#8217;absentisme i augmenta el comprom\u00eds. <\/p>\n\n<p>L&#8217;<strong>Organitzaci\u00f3 Mundial de la Salut (OMS)<\/strong> i l&#8217;<strong>OCDE<\/strong> assenyalen que fomentar la mobilitat activa i el teletreball t\u00e9 un impacte directe a la <strong>productivitat i la satisfacci\u00f3 laboral<\/strong>.<\/p>\n\n<p>\u27a1\ufe0f Empleats m\u00e9s saludables rendeixen m\u00e9s i romanen m\u00e9s temps a l&#8217;organitzaci\u00f3.<\/p>\n\n<p><\/p>\n\n<h3 class=\"wp-block-heading\">3\ufe0f\u20e3 Imatge corporativa i posicionament ESG<\/h3>\n\n<p>Un Pla de Despla\u00e7ament Sostenible refor\u00e7a el comprom\u00eds real amb l&#8217;<strong>Agenda 2030<\/strong>, els <strong>ODS<\/strong> i les pol\u00edtiques <strong>ESG<\/strong>, una cosa cada cop m\u00e9s valorada per inversors, clients i talent.<\/p>\n\n<p>El <strong>World Economic Forum<\/strong> destaca la mobilitat sostenible com a un dels eixos clau per a la <strong>credibilitat de les estrat\u00e8gies ESG corporatives<\/strong>.<\/p>\n\n<p>\u27a1\ufe0f No es tracta de comunicar sostenibilitat, sin\u00f3 demostrar-la amb dades.<\/p>\n\n<p><\/p>\n\n<h3 class=\"wp-block-heading\">4\ufe0f\u20e3 Reducci\u00f3 efectiva de la petjada de carboni<\/h3>\n\n<p>El transport representa prop del <strong>25% de les emissions de CO\u2082 a Europa<\/strong> (Ag\u00e8ncia Europea de Medi Ambient).<\/p>\n\n<p>Actuar sobre els despla\u00e7aments a la feina \u00e9s una de les mesures <strong>m\u00e9s r\u00e0pides i mesurables<\/strong> per reduir emissions de Abast 3.<\/p>\n\n<p>\u27a1\ufe0f Impacte clim\u00e0tic real, quantificable i alineat amb objectius de descarbonitzaci\u00f3.<\/p>\n\n<p><\/p>\n\n<h3 class=\"wp-block-heading\">5\ufe0f\u20e3 Anticipaci\u00f3 i compliment normatiu<\/h3>\n\n<p>Les directives europees, els plans de qualitat de l&#8217;aire i les normatives nacionals avancen cap a l&#8217;<strong>obligatorietat de plans de mobilitat a empreses i centres de treball<\/strong>.<\/p>\n\n<p>Anticipar-se evita <a href=\"https:\/\/www.blubic.com\/ca\/faqs\/\" target=\"_blank\" rel=\"noreferrer noopener\">sancions<\/a>, redueix riscos legals i posiciona l&#8217;empresa com a <strong>actor proactiu davant del regulador<\/strong>.<\/p>\n\n<p>\u27a1\ufe0f Complir avui \u00e9s liderar dem\u00e0.<\/p>\n\n<p><\/p>\n\n<h2 class=\"wp-block-heading\">En resum<\/h2>\n\n<p>Un Pla de Despla\u00e7ament Sostenible d\u00b4Empresa no \u00e9s un cost, \u00e9s una <strong>inversi\u00f3 estrat\u00e8gica<\/strong> que connecta <strong>rendibilitat, persones i prop\u00f2sit<\/strong>.<\/p>\n\n<p>Les empreses que ja ho estan implantant no nom\u00e9s redueixen emissions:<br\/>\u2714\ufe0f prenen millors decisions,<br\/>\u2714\ufe0f atrauen talent,<br\/>\u2714\ufe0f optimitzen recursos,<br\/>\u2714\ufe0f i en reforcen el lideratge responsable.<\/p>\n\n<hr class=\"wp-block-separator has-alpha-channel-opacity\"\/>\n\n<h4 class=\"wp-block-heading\">\ud83d\udccc Fonts de refer\u00e8ncia<\/h4>\n\n<ul class=\"wp-block-list\">\n<li>Comisi\u00f3n Europea \u2013 <em>Sustainable Urban Mobility Plans &amp; Workplace Mobility<\/em><\/li>\n\n\n\n<li><a href=\"https:\/\/www.eea.europa.eu\/en\" target=\"_blank\" rel=\"noreferrer noopener\">Agencia Europea de Medio Ambiente (EEA)<\/a> \u2013 <em>Transport and Environment Reports<\/em><\/li>\n\n\n\n<li>Organizaci\u00f3n Mundial de la Salud (OMS) \u2013 <em><a href=\"https:\/\/iris.who.int\/handle\/10665\/363314\" target=\"_blank\" rel=\"noreferrer noopener\">Health and Transport<\/a><\/em><\/li>\n\n\n\n<li>OCDE \u2013 <em>Transport, Productivity and Well-being<\/em><\/li>\n\n\n\n<li><a href=\"https:\/\/www.weforum.org\/\" target=\"_blank\" rel=\"noreferrer noopener\">World Economic Forum<\/a> \u2013 <em>The Future of Mobility &amp; ESG<\/em><\/li>\n<\/ul>\n\n<p><\/p>\n","protected":false},"excerpt":{"rendered":"<p>Un Pla de Despla\u00e7ament Sostenible d&#8217;Empresa no nom\u00e9s \u00e9s una eina ambiental: \u00e9s una decisi\u00f3 corporativa amb impacte directe en costos, productivitat, reputaci\u00f3 i compliment normatiu.<\/p>\n","protected":false},"author":2,"featured_media":1494,"comment_status":"closed","ping_status":"open","sticky":false,"template":"","format":"standard","meta":{"footnotes":""},"categories":[1],"tags":[],"class_list":["post-1511","post","type-post","status-publish","format-standard","has-post-thumbnail","hentry","category-sin-categoria"],"yoast_head":"<!-- This site is optimized with the Yoast SEO plugin v27.4 - https:\/\/yoast.com\/product\/yoast-seo-wordpress\/ -->\n<title>Per qu\u00e8 un Pla de Despla\u00e7ament Sostenible ja no \u00e9s opcional per a les empreses - Blubic<\/title>\n<meta name=\"description\" content=\"Un Pla de Despla\u00e7ament Sostenible d\u00b4Empresa \u00e9s una decisi\u00f3 corporativa amb impacte directe en costos, productivitat, reputaci\u00f3 i compliment normatiu.\" \/>\n<meta name=\"robots\" content=\"index, follow, max-snippet:-1, max-image-preview:large, max-video-preview:-1\" \/>\n<link rel=\"canonical\" href=\"https:\/\/www.blubic.com\/ca\/per-que-un-pla-de-desplacament-sostenible-ja-no-es-opcional-per-a-les-empreses\/\" \/>\n<meta property=\"og:locale\" content=\"ca_ES\" \/>\n<meta property=\"og:type\" content=\"article\" \/>\n<meta property=\"og:title\" content=\"Per qu\u00e8 un Pla de Despla\u00e7ament Sostenible ja no \u00e9s opcional per a les empreses - Blubic\" \/>\n<meta property=\"og:description\" content=\"Un Pla de Despla\u00e7ament Sostenible d\u00b4Empresa \u00e9s una decisi\u00f3 corporativa amb impacte directe en costos, productivitat, reputaci\u00f3 i compliment normatiu.\" \/>\n<meta property=\"og:url\" content=\"https:\/\/www.blubic.com\/ca\/per-que-un-pla-de-desplacament-sostenible-ja-no-es-opcional-per-a-les-empreses\/\" \/>\n<meta property=\"og:site_name\" content=\"Blubic\" \/>\n<meta property=\"article:published_time\" content=\"2026-02-02T09:03:00+00:00\" \/>\n<meta property=\"article:modified_time\" content=\"2026-02-02T09:03:02+00:00\" \/>\n<meta property=\"og:image\" content=\"https:\/\/www.blubic.com\/wp-content\/uploads\/2025\/12\/persona-esperando-en-el-anden.webp\" \/>\n\t<meta property=\"og:image:width\" content=\"1080\" \/>\n\t<meta property=\"og:image:height\" content=\"720\" \/>\n\t<meta property=\"og:image:type\" content=\"image\/webp\" \/>\n<meta name=\"author\" content=\"Blubic\" \/>\n<meta name=\"twitter:card\" content=\"summary_large_image\" \/>\n<meta name=\"twitter:label1\" content=\"Escrit per\" \/>\n\t<meta name=\"twitter:data1\" content=\"Blubic\" \/>\n\t<meta name=\"twitter:label2\" content=\"Temps estimat de lectura\" \/>\n\t<meta name=\"twitter:data2\" content=\"3 minuts\" \/>\n<script type=\"application\/ld+json\" class=\"yoast-schema-graph\">{\"@context\":\"https:\\\/\\\/schema.org\",\"@graph\":[{\"@type\":\"Article\",\"@id\":\"https:\\\/\\\/www.blubic.com\\\/ca\\\/per-que-un-pla-de-desplacament-sostenible-ja-no-es-opcional-per-a-les-empreses\\\/#article\",\"isPartOf\":{\"@id\":\"https:\\\/\\\/www.blubic.com\\\/ca\\\/per-que-un-pla-de-desplacament-sostenible-ja-no-es-opcional-per-a-les-empreses\\\/\"},\"author\":{\"name\":\"Blubic\",\"@id\":\"https:\\\/\\\/www.blubic.com\\\/#\\\/schema\\\/person\\\/65f19ddf3ca8550007e2fbdac956674d\"},\"headline\":\"Per qu\u00e8 un Pla de Despla\u00e7ament Sostenible ja no \u00e9s opcional per a les empreses\",\"datePublished\":\"2026-02-02T09:03:00+00:00\",\"dateModified\":\"2026-02-02T09:03:02+00:00\",\"mainEntityOfPage\":{\"@id\":\"https:\\\/\\\/www.blubic.com\\\/ca\\\/per-que-un-pla-de-desplacament-sostenible-ja-no-es-opcional-per-a-les-empreses\\\/\"},\"wordCount\":526,\"publisher\":{\"@id\":\"https:\\\/\\\/www.blubic.com\\\/#organization\"},\"image\":{\"@id\":\"https:\\\/\\\/www.blubic.com\\\/ca\\\/per-que-un-pla-de-desplacament-sostenible-ja-no-es-opcional-per-a-les-empreses\\\/#primaryimage\"},\"thumbnailUrl\":\"https:\\\/\\\/www.blubic.com\\\/wp-content\\\/uploads\\\/2025\\\/12\\\/persona-esperando-en-el-anden.webp\",\"articleSection\":[\"Sin categor\u00eda\"],\"inLanguage\":\"ca\"},{\"@type\":\"WebPage\",\"@id\":\"https:\\\/\\\/www.blubic.com\\\/ca\\\/per-que-un-pla-de-desplacament-sostenible-ja-no-es-opcional-per-a-les-empreses\\\/\",\"url\":\"https:\\\/\\\/www.blubic.com\\\/ca\\\/per-que-un-pla-de-desplacament-sostenible-ja-no-es-opcional-per-a-les-empreses\\\/\",\"name\":\"Per qu\u00e8 un Pla de Despla\u00e7ament Sostenible ja no \u00e9s opcional per a les empreses - Blubic\",\"isPartOf\":{\"@id\":\"https:\\\/\\\/www.blubic.com\\\/#website\"},\"primaryImageOfPage\":{\"@id\":\"https:\\\/\\\/www.blubic.com\\\/ca\\\/per-que-un-pla-de-desplacament-sostenible-ja-no-es-opcional-per-a-les-empreses\\\/#primaryimage\"},\"image\":{\"@id\":\"https:\\\/\\\/www.blubic.com\\\/ca\\\/per-que-un-pla-de-desplacament-sostenible-ja-no-es-opcional-per-a-les-empreses\\\/#primaryimage\"},\"thumbnailUrl\":\"https:\\\/\\\/www.blubic.com\\\/wp-content\\\/uploads\\\/2025\\\/12\\\/persona-esperando-en-el-anden.webp\",\"datePublished\":\"2026-02-02T09:03:00+00:00\",\"dateModified\":\"2026-02-02T09:03:02+00:00\",\"description\":\"Un Pla de Despla\u00e7ament Sostenible d\u00b4Empresa \u00e9s una decisi\u00f3 corporativa amb impacte directe en costos, productivitat, reputaci\u00f3 i compliment normatiu.\",\"breadcrumb\":{\"@id\":\"https:\\\/\\\/www.blubic.com\\\/ca\\\/per-que-un-pla-de-desplacament-sostenible-ja-no-es-opcional-per-a-les-empreses\\\/#breadcrumb\"},\"inLanguage\":\"ca\",\"potentialAction\":[{\"@type\":\"ReadAction\",\"target\":[\"https:\\\/\\\/www.blubic.com\\\/ca\\\/per-que-un-pla-de-desplacament-sostenible-ja-no-es-opcional-per-a-les-empreses\\\/\"]}]},{\"@type\":\"ImageObject\",\"inLanguage\":\"ca\",\"@id\":\"https:\\\/\\\/www.blubic.com\\\/ca\\\/per-que-un-pla-de-desplacament-sostenible-ja-no-es-opcional-per-a-les-empreses\\\/#primaryimage\",\"url\":\"https:\\\/\\\/www.blubic.com\\\/wp-content\\\/uploads\\\/2025\\\/12\\\/persona-esperando-en-el-anden.webp\",\"contentUrl\":\"https:\\\/\\\/www.blubic.com\\\/wp-content\\\/uploads\\\/2025\\\/12\\\/persona-esperando-en-el-anden.webp\",\"width\":1080,\"height\":720,\"caption\":\"intermodalitat bicicleta - tren\"},{\"@type\":\"BreadcrumbList\",\"@id\":\"https:\\\/\\\/www.blubic.com\\\/ca\\\/per-que-un-pla-de-desplacament-sostenible-ja-no-es-opcional-per-a-les-empreses\\\/#breadcrumb\",\"itemListElement\":[{\"@type\":\"ListItem\",\"position\":1,\"name\":\"Portada\",\"item\":\"https:\\\/\\\/www.blubic.com\\\/inici\\\/\"},{\"@type\":\"ListItem\",\"position\":2,\"name\":\"Per qu\u00e8 un Pla de Despla\u00e7ament Sostenible ja no \u00e9s opcional per a les empreses\"}]},{\"@type\":\"WebSite\",\"@id\":\"https:\\\/\\\/www.blubic.com\\\/#website\",\"url\":\"https:\\\/\\\/www.blubic.com\\\/\",\"name\":\"Blubic\",\"description\":\"\",\"publisher\":{\"@id\":\"https:\\\/\\\/www.blubic.com\\\/#organization\"},\"potentialAction\":[{\"@type\":\"SearchAction\",\"target\":{\"@type\":\"EntryPoint\",\"urlTemplate\":\"https:\\\/\\\/www.blubic.com\\\/?s={search_term_string}\"},\"query-input\":{\"@type\":\"PropertyValueSpecification\",\"valueRequired\":true,\"valueName\":\"search_term_string\"}}],\"inLanguage\":\"ca\"},{\"@type\":\"Organization\",\"@id\":\"https:\\\/\\\/www.blubic.com\\\/#organization\",\"name\":\"Blubic\",\"url\":\"https:\\\/\\\/www.blubic.com\\\/\",\"logo\":{\"@type\":\"ImageObject\",\"inLanguage\":\"ca\",\"@id\":\"https:\\\/\\\/www.blubic.com\\\/#\\\/schema\\\/logo\\\/image\\\/\",\"url\":\"https:\\\/\\\/www.blubic.com\\\/wp-content\\\/uploads\\\/2025\\\/11\\\/bublic_logo_horizontal_cpd.png\",\"contentUrl\":\"https:\\\/\\\/www.blubic.com\\\/wp-content\\\/uploads\\\/2025\\\/11\\\/bublic_logo_horizontal_cpd.png\",\"width\":1562,\"height\":388,\"caption\":\"Blubic\"},\"image\":{\"@id\":\"https:\\\/\\\/www.blubic.com\\\/#\\\/schema\\\/logo\\\/image\\\/\"}},{\"@type\":\"Person\",\"@id\":\"https:\\\/\\\/www.blubic.com\\\/#\\\/schema\\\/person\\\/65f19ddf3ca8550007e2fbdac956674d\",\"name\":\"Blubic\",\"image\":{\"@type\":\"ImageObject\",\"inLanguage\":\"ca\",\"@id\":\"https:\\\/\\\/secure.gravatar.com\\\/avatar\\\/9cf04d72a6e7ab8947cbb35ed626ed9c67ca4d2d1ff0edae9518a3332cf348c4?s=96&d=mm&r=g\",\"url\":\"https:\\\/\\\/secure.gravatar.com\\\/avatar\\\/9cf04d72a6e7ab8947cbb35ed626ed9c67ca4d2d1ff0edae9518a3332cf348c4?s=96&d=mm&r=g\",\"contentUrl\":\"https:\\\/\\\/secure.gravatar.com\\\/avatar\\\/9cf04d72a6e7ab8947cbb35ed626ed9c67ca4d2d1ff0edae9518a3332cf348c4?s=96&d=mm&r=g\",\"caption\":\"Blubic\"},\"url\":\"https:\\\/\\\/www.blubic.com\\\/ca\\\/author\\\/blubic\\\/\"}]}<\/script>\n<!-- \/ Yoast SEO plugin. -->","yoast_head_json":{"title":"Per qu\u00e8 un Pla de Despla\u00e7ament Sostenible ja no \u00e9s opcional per a les empreses - Blubic","description":"Un Pla de Despla\u00e7ament Sostenible d\u00b4Empresa \u00e9s una decisi\u00f3 corporativa amb impacte directe en costos, productivitat, reputaci\u00f3 i compliment normatiu.","robots":{"index":"index","follow":"follow","max-snippet":"max-snippet:-1","max-image-preview":"max-image-preview:large","max-video-preview":"max-video-preview:-1"},"canonical":"https:\/\/www.blubic.com\/ca\/per-que-un-pla-de-desplacament-sostenible-ja-no-es-opcional-per-a-les-empreses\/","og_locale":"ca_ES","og_type":"article","og_title":"Per qu\u00e8 un Pla de Despla\u00e7ament Sostenible ja no \u00e9s opcional per a les empreses - Blubic","og_description":"Un Pla de Despla\u00e7ament Sostenible d\u00b4Empresa \u00e9s una decisi\u00f3 corporativa amb impacte directe en costos, productivitat, reputaci\u00f3 i compliment normatiu.","og_url":"https:\/\/www.blubic.com\/ca\/per-que-un-pla-de-desplacament-sostenible-ja-no-es-opcional-per-a-les-empreses\/","og_site_name":"Blubic","article_published_time":"2026-02-02T09:03:00+00:00","article_modified_time":"2026-02-02T09:03:02+00:00","og_image":[{"width":1080,"height":720,"url":"https:\/\/www.blubic.com\/wp-content\/uploads\/2025\/12\/persona-esperando-en-el-anden.webp","type":"image\/webp"}],"author":"Blubic","twitter_card":"summary_large_image","twitter_misc":{"Escrit per":"Blubic","Temps estimat de lectura":"3 minuts"},"schema":{"@context":"https:\/\/schema.org","@graph":[{"@type":"Article","@id":"https:\/\/www.blubic.com\/ca\/per-que-un-pla-de-desplacament-sostenible-ja-no-es-opcional-per-a-les-empreses\/#article","isPartOf":{"@id":"https:\/\/www.blubic.com\/ca\/per-que-un-pla-de-desplacament-sostenible-ja-no-es-opcional-per-a-les-empreses\/"},"author":{"name":"Blubic","@id":"https:\/\/www.blubic.com\/#\/schema\/person\/65f19ddf3ca8550007e2fbdac956674d"},"headline":"Per qu\u00e8 un Pla de Despla\u00e7ament Sostenible ja no \u00e9s opcional per a les empreses","datePublished":"2026-02-02T09:03:00+00:00","dateModified":"2026-02-02T09:03:02+00:00","mainEntityOfPage":{"@id":"https:\/\/www.blubic.com\/ca\/per-que-un-pla-de-desplacament-sostenible-ja-no-es-opcional-per-a-les-empreses\/"},"wordCount":526,"publisher":{"@id":"https:\/\/www.blubic.com\/#organization"},"image":{"@id":"https:\/\/www.blubic.com\/ca\/per-que-un-pla-de-desplacament-sostenible-ja-no-es-opcional-per-a-les-empreses\/#primaryimage"},"thumbnailUrl":"https:\/\/www.blubic.com\/wp-content\/uploads\/2025\/12\/persona-esperando-en-el-anden.webp","articleSection":["Sin categor\u00eda"],"inLanguage":"ca"},{"@type":"WebPage","@id":"https:\/\/www.blubic.com\/ca\/per-que-un-pla-de-desplacament-sostenible-ja-no-es-opcional-per-a-les-empreses\/","url":"https:\/\/www.blubic.com\/ca\/per-que-un-pla-de-desplacament-sostenible-ja-no-es-opcional-per-a-les-empreses\/","name":"Per qu\u00e8 un Pla de Despla\u00e7ament Sostenible ja no \u00e9s opcional per a les empreses - Blubic","isPartOf":{"@id":"https:\/\/www.blubic.com\/#website"},"primaryImageOfPage":{"@id":"https:\/\/www.blubic.com\/ca\/per-que-un-pla-de-desplacament-sostenible-ja-no-es-opcional-per-a-les-empreses\/#primaryimage"},"image":{"@id":"https:\/\/www.blubic.com\/ca\/per-que-un-pla-de-desplacament-sostenible-ja-no-es-opcional-per-a-les-empreses\/#primaryimage"},"thumbnailUrl":"https:\/\/www.blubic.com\/wp-content\/uploads\/2025\/12\/persona-esperando-en-el-anden.webp","datePublished":"2026-02-02T09:03:00+00:00","dateModified":"2026-02-02T09:03:02+00:00","description":"Un Pla de Despla\u00e7ament Sostenible d\u00b4Empresa \u00e9s una decisi\u00f3 corporativa amb impacte directe en costos, productivitat, reputaci\u00f3 i compliment normatiu.","breadcrumb":{"@id":"https:\/\/www.blubic.com\/ca\/per-que-un-pla-de-desplacament-sostenible-ja-no-es-opcional-per-a-les-empreses\/#breadcrumb"},"inLanguage":"ca","potentialAction":[{"@type":"ReadAction","target":["https:\/\/www.blubic.com\/ca\/per-que-un-pla-de-desplacament-sostenible-ja-no-es-opcional-per-a-les-empreses\/"]}]},{"@type":"ImageObject","inLanguage":"ca","@id":"https:\/\/www.blubic.com\/ca\/per-que-un-pla-de-desplacament-sostenible-ja-no-es-opcional-per-a-les-empreses\/#primaryimage","url":"https:\/\/www.blubic.com\/wp-content\/uploads\/2025\/12\/persona-esperando-en-el-anden.webp","contentUrl":"https:\/\/www.blubic.com\/wp-content\/uploads\/2025\/12\/persona-esperando-en-el-anden.webp","width":1080,"height":720,"caption":"intermodalitat bicicleta - tren"},{"@type":"BreadcrumbList","@id":"https:\/\/www.blubic.com\/ca\/per-que-un-pla-de-desplacament-sostenible-ja-no-es-opcional-per-a-les-empreses\/#breadcrumb","itemListElement":[{"@type":"ListItem","position":1,"name":"Portada","item":"https:\/\/www.blubic.com\/inici\/"},{"@type":"ListItem","position":2,"name":"Per qu\u00e8 un Pla de Despla\u00e7ament Sostenible ja no \u00e9s opcional per a les empreses"}]},{"@type":"WebSite","@id":"https:\/\/www.blubic.com\/#website","url":"https:\/\/www.blubic.com\/","name":"Blubic","description":"","publisher":{"@id":"https:\/\/www.blubic.com\/#organization"},"potentialAction":[{"@type":"SearchAction","target":{"@type":"EntryPoint","urlTemplate":"https:\/\/www.blubic.com\/?s={search_term_string}"},"query-input":{"@type":"PropertyValueSpecification","valueRequired":true,"valueName":"search_term_string"}}],"inLanguage":"ca"},{"@type":"Organization","@id":"https:\/\/www.blubic.com\/#organization","name":"Blubic","url":"https:\/\/www.blubic.com\/","logo":{"@type":"ImageObject","inLanguage":"ca","@id":"https:\/\/www.blubic.com\/#\/schema\/logo\/image\/","url":"https:\/\/www.blubic.com\/wp-content\/uploads\/2025\/11\/bublic_logo_horizontal_cpd.png","contentUrl":"https:\/\/www.blubic.com\/wp-content\/uploads\/2025\/11\/bublic_logo_horizontal_cpd.png","width":1562,"height":388,"caption":"Blubic"},"image":{"@id":"https:\/\/www.blubic.com\/#\/schema\/logo\/image\/"}},{"@type":"Person","@id":"https:\/\/www.blubic.com\/#\/schema\/person\/65f19ddf3ca8550007e2fbdac956674d","name":"Blubic","image":{"@type":"ImageObject","inLanguage":"ca","@id":"https:\/\/secure.gravatar.com\/avatar\/9cf04d72a6e7ab8947cbb35ed626ed9c67ca4d2d1ff0edae9518a3332cf348c4?s=96&d=mm&r=g","url":"https:\/\/secure.gravatar.com\/avatar\/9cf04d72a6e7ab8947cbb35ed626ed9c67ca4d2d1ff0edae9518a3332cf348c4?s=96&d=mm&r=g","contentUrl":"https:\/\/secure.gravatar.com\/avatar\/9cf04d72a6e7ab8947cbb35ed626ed9c67ca4d2d1ff0edae9518a3332cf348c4?s=96&d=mm&r=g","caption":"Blubic"},"url":"https:\/\/www.blubic.com\/ca\/author\/blubic\/"}]}},"_links":{"self":[{"href":"https:\/\/www.blubic.com\/ca\/wp-json\/wp\/v2\/posts\/1511","targetHints":{"allow":["GET"]}}],"collection":[{"href":"https:\/\/www.blubic.com\/ca\/wp-json\/wp\/v2\/posts"}],"about":[{"href":"https:\/\/www.blubic.com\/ca\/wp-json\/wp\/v2\/types\/post"}],"author":[{"embeddable":true,"href":"https:\/\/www.blubic.com\/ca\/wp-json\/wp\/v2\/users\/2"}],"replies":[{"embeddable":true,"href":"https:\/\/www.blubic.com\/ca\/wp-json\/wp\/v2\/comments?post=1511"}],"version-history":[{"count":0,"href":"https:\/\/www.blubic.com\/ca\/wp-json\/wp\/v2\/posts\/1511\/revisions"}],"wp:featuredmedia":[{"embeddable":true,"href":"https:\/\/www.blubic.com\/ca\/wp-json\/wp\/v2\/media\/1494"}],"wp:attachment":[{"href":"https:\/\/www.blubic.com\/ca\/wp-json\/wp\/v2\/media?parent=1511"}],"wp:term":[{"taxonomy":"category","embeddable":true,"href":"https:\/\/www.blubic.com\/ca\/wp-json\/wp\/v2\/categories?post=1511"},{"taxonomy":"post_tag","embeddable":true,"href":"https:\/\/www.blubic.com\/ca\/wp-json\/wp\/v2\/tags?post=1511"}],"curies":[{"name":"wp","href":"https:\/\/api.w.org\/{rel}","templated":true}]}}